{"id":1128,"date":"2010-08-05T19:17:17","date_gmt":"2010-08-05T18:17:17","guid":{"rendered":"http:\/\/www.jens-oerter.de\/new_vis\/jo\/?p=1128"},"modified":"2010-08-05T19:19:13","modified_gmt":"2010-08-05T18:19:13","slug":"2010-08-siegerlandhutte-hildesheimer-hutte-2010","status":"publish","type":"post","link":"https:\/\/www.jens-oerter.de\/new_vis\/jo\/2010-08-siegerlandhutte-hildesheimer-hutte-2010\/","title":{"rendered":"2010.08 Siegerlandh\u00fctte &#038; Hildesheimer H\u00fctte"},"content":{"rendered":"<p>kurzentschlossen gehts am Wochenende mit Heinz zur Siegerlandh\u00fctte.\u00a0 Geplant ist eine Nacht auf &#8222;ohser&#8220; H\u00fctte danach<br \/>\n\u00fcbers Gamsplatzl zur Hildesheimer H\u00fctte 2900m. Alternativ einen kleinen Ausflug aufs &#8222;Hohe Eis 3388m&#8220; oder<br \/>\nden Scheiblehnkogel 3060m.Nach dem Abstieg durchs Windachtal \u00fcbernachten wir noch eine Nacht bei<br \/>\nAlexandra im Landhaus Flieg.<\/p>\n<p><img loading=\"lazy\" decoding=\"async\" class=\"alignnone\" title=\"Siegerlandh\u00fctte\" src=\"http:\/\/www.jens-oerter.de\/new_vis\/allg_pics\/hiking\/stubaier_alpen\/siegerlandhuette.jpg\" alt=\"\" width=\"310\" height=\"150\" \/><br \/>\n07.2003<\/p>\n","protected":false},"excerpt":{"rendered":"<p>kurzentschlossen gehts am Wochenende mit Heinz zur Siegerlandh\u00fctte.\u00a0 Geplant ist eine Nacht auf &#8222;ohser&#8220; H\u00fctte danach \u00fcbers Gamsplatzl zur Hildesheimer H\u00fctte 2900m. Alternativ einen kleinen Ausflug aufs &#8222;Hohe Eis 3388m&#8220; oder den Scheiblehnkogel 3060m.Nach dem Abstieg durchs Windachtal \u00fcbernachten wir &hellip; <a href=\"https:\/\/www.jens-oerter.de\/new_vis\/jo\/2010-08-siegerlandhutte-hildesheimer-hutte-2010\/\">Weiterlesen <span class=\"meta-nav\">&rarr;<\/span><\/a><\/p>\n","protected":false},"author":2,"featured_media":0,"comment_status":"open","ping_status":"open","sticky":false,"template":"","format":"standard","meta":{"ngg_post_thumbnail":0,"footnotes":""},"categories":[5],"tags":[],"class_list":["post-1128","post","type-post","status-publish","format-standard","hentry","category-news-blog"],"aioseo_notices":[],"_links":{"self":[{"href":"https:\/\/www.jens-oerter.de\/new_vis\/jo\/wp-json\/wp\/v2\/posts\/1128","targetHints":{"allow":["GET"]}}],"collection":[{"href":"https:\/\/www.jens-oerter.de\/new_vis\/jo\/wp-json\/wp\/v2\/posts"}],"about":[{"href":"https:\/\/www.jens-oerter.de\/new_vis\/jo\/wp-json\/wp\/v2\/types\/post"}],"author":[{"embeddable":true,"href":"https:\/\/www.jens-oerter.de\/new_vis\/jo\/wp-json\/wp\/v2\/users\/2"}],"replies":[{"embeddable":true,"href":"https:\/\/www.jens-oerter.de\/new_vis\/jo\/wp-json\/wp\/v2\/comments?post=1128"}],"version-history":[{"count":0,"href":"https:\/\/www.jens-oerter.de\/new_vis\/jo\/wp-json\/wp\/v2\/posts\/1128\/revisions"}],"wp:attachment":[{"href":"https:\/\/www.jens-oerter.de\/new_vis\/jo\/wp-json\/wp\/v2\/media?parent=1128"}],"wp:term":[{"taxonomy":"category","embeddable":true,"href":"https:\/\/www.jens-oerter.de\/new_vis\/jo\/wp-json\/wp\/v2\/categories?post=1128"},{"taxonomy":"post_tag","embeddable":true,"href":"https:\/\/www.jens-oerter.de\/new_vis\/jo\/wp-json\/wp\/v2\/tags?post=1128"}],"curies":[{"name":"wp","href":"https:\/\/api.w.org\/{rel}","templated":true}]}}