{"id":1163,"date":"2010-09-11T19:17:18","date_gmt":"2010-09-11T18:17:18","guid":{"rendered":"http:\/\/www.jens-oerter.de\/new_vis\/jo\/?p=1163"},"modified":"2013-07-07T17:29:55","modified_gmt":"2013-07-07T16:29:55","slug":"2010-09-bericht-tour-hochpustertal-hohe-tauern","status":"publish","type":"post","link":"https:\/\/www.jens-oerter.de\/new_vis\/jo\/2010-09-bericht-tour-hochpustertal-hohe-tauern\/","title":{"rendered":"2010.09 Bericht Tour Hochpustertal &#038; Hohe Tauern"},"content":{"rendered":"<p>\u2026 wie jedes Jahr geht es Ende August zu einer kleinen Wandertour Richtung S\u00fcden. Geplant war die Besteigung des Gro\u00dfvenedigers ( 3667m ) in den Hohen Tauern. Die \u00dcbernachtungen waren gebucht, die Route geplant: Postalm (Obersulzbachtal) via Klettersteig zur K\u00fcrsinger H\u00fctte (2 Tage) und dann Aufstieg zum Gipfel, R\u00fcckweg \u00fcber den Normalweg.<\/p>\n<p>Leider mussten wir am sp\u00e4ten Donnerstagabend unseren Plan revidieren. Nach Auskunft des lokalen Bergf\u00fchrerb\u00fcros<br \/>\nwar in den n\u00e4chsten Tagen mit einer Schlechtwetterfront zu rechen, die sich am Alpenhauptkamm l\u00e4nger halten sollte.<br \/>\nSchweren Herzens wurden die Buchungen storniert\u00a0 und eine Alternative geplant. Ins Hochpustertal soll es gehen,<br \/>\ndenn das Wetter sollte da recht gut werden\u2026<\/p>\n<p>Um 2:30h in der Fr\u00fche ging\u2018s los. Ohne gro\u00dfe Probleme erreichten wir sehr fr\u00fch unser Lieblings &#8211; Wanderhotel in den Hohen Tauern. Dort durften wir die Bikes abladen und fuhren dann durch den Felbertauerntunnel Richtung Lienz zur Landesgrenze nach Italien (S\u00fcdtirol). Angekommen im Hochpustertal machten wir uns auf Unterkunftssuche. Diese gestaltete sich allerdings recht schwierig denn &#8211; \u00a0was wir nicht bedacht hatten &#8211; ganz Italien hatte Ferien und da die Italiener recht heimatverbunden sind, waren fast alle Pensionen \/Gasth\u00e4user oder g\u00fcnstigeren Hotels ausgebucht oder wollten uns f\u00fcr den Kurzaufenthalt kein Zimmer geben. Nachdem wir schon \u00fcberlegt hatten, unter welcher Br\u00fccke wir schlafen wollen, bekamen wir durch einen Zufall noch ein kleines Zimmer im Vierschacher <a href=\"http:\/\/www.hotel-loewe.info\/de\/hotel-loewe\/hotel-im-hochpustertal.html\" target=\"_blank\">Hotel L\u00f6we<\/a>. [ Klasse Hotel \u2013 sehr freundlich &#8211; spitzen Verpflegung (das Abendessen kam einem Gelage gleich) ]<\/p>\n<p><strong>Unternehmungen <\/strong>:<\/p>\n<ul>\n<li>Wanderung Nationalpark Sexten (Moos): Durchs Fischleintal (sehr sch\u00f6ner Weg) zur Drei Zinnen H\u00fctte (Menschenmassen wie am Berliner Hauptbahnhof\u00a0-:))<\/li>\n<\/ul>\n<ul>\n<li>Wanderung Lago di Misurina zur Cadini-Gruppe durch die \u00bbForcella delle nevi\u00ab zur\u00fcck zum Misurinasee<\/li>\n<\/ul>\n<ul>\n<li>Rundwanderung Monte Piana inkl. 2 Klettersteige (Hauptmann-Bilgeri-Ged\u00e4chtnissteig sowie Heeresbergf\u00fchrersteig)<br \/>\nbeide K2 jedoch oft durch kleine Steinschlagsperren unterbrochen. Leider sind die Einstiege (Abzweig vom Touristensteig) nicht wirklich gut zu erkennen. Es scheint auch, da\u00df der Steig nicht h\u00e4ufig begangen wird.<br \/>\nDie Kennzeichnung k\u00f6nnte sicher ohne gro\u00dfen Aufwand verbessert werden.<\/li>\n<\/ul>\n<p>Am sp\u00e4ten Sonntagnachmittag ging es dann bei sch\u00f6nstem Wetter zur\u00fcck in die Hohen Tauern \u2013 dort war das Wetter ebenso gut wie in S\u00fcdtirol.<\/p>\nngg_shortcode_0_placeholder\n<p>Weitere Bilder in der Fotogalerie unter:<br \/>\n<a href=\"http:\/\/www.jens-oerter.de\/new_vis\/4images\/categories.php?cat_id=76\" target=\"_self\">Hochpustertal<\/a>, <a href=\"http:\/\/www.jens-oerter.de\/new_vis\/4images\/categories.php?cat_id=77\" target=\"_self\">Hohe Tauern<\/a>, <a href=\"http:\/\/www.jens-oerter.de\/new_vis\/4images\/categories.php?cat_id=78\" target=\"_self\">Gruppenwanderung Wanderhotel Kirchner (Richterh\u00fctte)<\/a><\/p>\n<p>Wie gewohnt f\u00fchlt man sich beim <a href=\"http:\/\/www.wanderhotel.at\" target=\"_blank\">Wanderhotel Kirchner<\/a> wie zuhause!<\/p>\n<p>Am <strong>Montag <\/strong>zog es<strong> <\/strong>uns ins Untersulzbachtal. Eine wundersch\u00f6ne kleine Wanderung vom Untersulzbachfall entlang des Wassers bis zur Stockeralm. In diesem Jahr versperrt eine Steinlawine den Weg an der Knappenwand. Eine Umleitung \u00fcber den alten J\u00e4gersteig geleitet uns sicher Talaufw\u00e4rts. Nach einer netten Unterhaltung<br \/>\nmit der H\u00fcttenwirtin, die uns aus den Vorjahren wieder erkannt hat, \u00a0machen wir uns auf den R\u00fcckweg Richtung M\u00fchlbach.<\/p>\n<p>Der Wetterbericht f\u00fcr <strong>Dienstag <\/strong>versprach keine Grundlage f\u00fcr eine gro\u00dfe Berg-Tour \u2013 Regen und ab 1200m starken Schneefall. Wir beginnen den Morgen mit einem Besuch im neuen Bramberger Heimatmuseum. Bei der tollen neu gestalteten Mineralienaustellung verga\u00df man die recht schlechten Bedingungen au\u00dferhalb des Hauses. Danach ging\u2018s noch zum Shoppen nach Mittersill. Am Nachmittag genossen wir das reichliche Wellness Angebot unseres Hotels.<\/p>\n<p>Nach dem Sonnenaufgang am <strong>Mittwoch<\/strong>morgen sahen wir was die Kaltfront am Vortag angerichtet \u00a0hatte.<br \/>\nSchon weit unterhalb der Baumgrenze war der Winter eingezogen. Nix zart gepudert, wie wir es schon mal Anfang September erlebt haben, sonder richtig WINTER! Wir fuhren in das knapp 50km entfernte Raurisertal. Als erstes stapften wir bei immer wieder sonnigen Bedingungen durch den ca. 30cm hohen Schnee im Rausriser Urwald \u2013 der auch bei dieser weissen Pracht sch\u00f6n anzuschauen war. Am Mittag zog\u2018s uns in das nahe Krumltal \u2013 das auch das Tal der Geier genannt wir. Dort konnten wir die Ersten in Freiheit aufgewachsenen Bartgeier des Nationalparks Hohe Tauern beim Fliegen bewundern. Am Talende auf der<br \/>\nBr\u00e4uh\u00fctte beim K\u00e4sebrot gab es noch einige kleine Lawinenabg\u00e4nge zu beschauen. Gar nicht mal ungef\u00e4hrlich wenn einem so ein Schneebrett vom Weg hauen w\u00fcrde. Aber wir waren weit genug weg.<\/p>\n<p><strong>Donnerstag <\/strong>&#8211; keine Wolke ist zu sehen \u2013 wir schwingen und auf\u00b4s MTB Rad\u00b4l. Von M\u00fchlbach \u00fcber Neukirchen zur Steineralm auf 1606m<br \/>\ndann hoch auf 1850m. Dort war leider Schluss denn wegen des Schnees gab\u00b4s kein Fortkommen mehr. Eine Klasse Aussicht in die tief im Schnee versunkenen 3000er der Hohen Tauern und super lecker Essen z.B. Pilzomlett mit frischen heimischen Pilzen<br \/>\nStrecke: ~50km \/ 1625hm \/ max: 16%\u00a0\u2191 GPS Daten folgen!<\/p>\n<p><strong>Freitag <\/strong>ging es dann mit Wanderf\u00fchrerin Martina vom Hotel Kirchner ins Krimmler Achental. Vom Tauernhaus bog der Weg ins Rainbachtal zur Richterh\u00fctte. Auf dem Weg traf ich verwundert auf meinen Arbeitskollegen Wolfgang Maiwald, der sich auf einer H\u00fcttentour mit einigen Bekannten befand. Kurz hinter der Baumgrenze hatte der H\u00fcttenwirt mit seiner Schneefr\u00e4se den Weg etwas freiger\u00e4umt. Ab der Materialseilbahn ging\u2018s nur noch<br \/>\nauf einem kleine gespurten Weg durch 50cm hohen Schnee zur Richterh\u00fctte auf knapp 2400m. Automatisch f\u00e4ngt man an Weihnachtslieder zu summen&#8230;<\/p>\n<p>Am <strong>Samstag <\/strong>gab\u00b4s \u00bbPflichtprogramm\u00ab \u2013\u00a0 die Baumgartenalm im M\u00fchlbachtal. Die Wetterbedingungen : Super Sonne, die sich mit kurzen Monsumregenschauern abwechselte. Was man nicht alles f\u00fcr den leckeren Pinzgauer Bergk\u00e4se macht\u2026<\/p>\n<p>Trotz des sicherlich verfr\u00fchten Wintereinbruchs ein erholsamer Urlaub im Hochpustertal und Pinzgau.<br \/>\nSicherlich ist der Venediger auch im n\u00e4chsten Jahr noch da \u2013 und wir werden bereit sein!<\/p>\n<p><strong>Viele Gr\u00fc\u00dfe<\/strong> Lioba und Jens<\/p>\n","protected":false},"excerpt":{"rendered":"<p>\u2026 wie jedes Jahr geht es Ende August zu einer kleinen Wandertour Richtung S\u00fcden. Geplant war die Besteigung des Gro\u00dfvenedigers ( 3667m ) in den Hohen Tauern. Die \u00dcbernachtungen waren gebucht, die Route geplant: Postalm (Obersulzbachtal) via Klettersteig zur K\u00fcrsinger &hellip; <a href=\"https:\/\/www.jens-oerter.de\/new_vis\/jo\/2010-09-bericht-tour-hochpustertal-hohe-tauern\/\">Weiterlesen <span class=\"meta-nav\">&rarr;<\/span><\/a><\/p>\n","protected":false},"author":2,"featured_media":0,"comment_status":"open","ping_status":"open","sticky":false,"template":"","format":"standard","meta":{"ngg_post_thumbnail":0,"footnotes":""},"categories":[5],"tags":[24,25,92,29,56],"class_list":["post-1163","post","type-post","status-publish","format-standard","hentry","category-news-blog","tag-hochtour","tag-hohe-tauern","tag-klettern","tag-urlaub","tag-wandern-alpen"],"aioseo_notices":[],"_links":{"self":[{"href":"https:\/\/www.jens-oerter.de\/new_vis\/jo\/wp-json\/wp\/v2\/posts\/1163","targetHints":{"allow":["GET"]}}],"collection":[{"href":"https:\/\/www.jens-oerter.de\/new_vis\/jo\/wp-json\/wp\/v2\/posts"}],"about":[{"href":"https:\/\/www.jens-oerter.de\/new_vis\/jo\/wp-json\/wp\/v2\/types\/post"}],"author":[{"embeddable":true,"href":"https:\/\/www.jens-oerter.de\/new_vis\/jo\/wp-json\/wp\/v2\/users\/2"}],"replies":[{"embeddable":true,"href":"https:\/\/www.jens-oerter.de\/new_vis\/jo\/wp-json\/wp\/v2\/comments?post=1163"}],"version-history":[{"count":0,"href":"https:\/\/www.jens-oerter.de\/new_vis\/jo\/wp-json\/wp\/v2\/posts\/1163\/revisions"}],"wp:attachment":[{"href":"https:\/\/www.jens-oerter.de\/new_vis\/jo\/wp-json\/wp\/v2\/media?parent=1163"}],"wp:term":[{"taxonomy":"category","embeddable":true,"href":"https:\/\/www.jens-oerter.de\/new_vis\/jo\/wp-json\/wp\/v2\/categories?post=1163"},{"taxonomy":"post_tag","embeddable":true,"href":"https:\/\/www.jens-oerter.de\/new_vis\/jo\/wp-json\/wp\/v2\/tags?post=1163"}],"curies":[{"name":"wp","href":"https:\/\/api.w.org\/{rel}","templated":true}]}}