{"id":13041,"date":"2018-02-10T20:16:44","date_gmt":"2018-02-10T19:16:44","guid":{"rendered":"https:\/\/www.jens-oerter.de\/new_vis\/jo\/?p=13041"},"modified":"2018-03-04T17:45:28","modified_gmt":"2018-03-04T16:45:28","slug":"2018-02-installation-einer-outdoor-feinstaubmessung-in-niederdielfen","status":"publish","type":"post","link":"https:\/\/www.jens-oerter.de\/new_vis\/jo\/2018-02-installation-einer-outdoor-feinstaubmessung-in-niederdielfen\/","title":{"rendered":"2018.02 Installation einer Outdoor Feinstaubmessung in Niederdielfen"},"content":{"rendered":"<p>\u00fcber die Seite von <a href=\"https:\/\/luftdaten.info\/\" target=\"_blank\" rel=\"noopener\">luftdaten.info<\/a> bin ich auf ein Open Source Projekt aufmerksam geworden, dass sich mit der Ermittlung von Feinstaubwerten und die Darstellung der Daten in einer <a href=\"http:\/\/siegen.maps.luftdaten.info\/\" target=\"_blank\" rel=\"noopener\"><strong>\u00dcbersichtskarte<\/strong> <\/a>besch\u00e4ftigt. Das Projekt des OK Lab Stuttgarts ist damals entstanden, um die staatlich erhobenen Daten im feinstaub-geplagten Stuttgart zu verifizieren und auch an verschiedenen interessanten Standorten die Belastungen f\u00fcr die Umwelt festzustellen. Da ich Spa\u00df an solchen Projekten habe und ich mir auch ein Bild \u00fcber die Feinstaubbelastung im l\u00e4ndlichen Raum von NRW machen wollte, habe ich mich entschieden an diesem Projekt teilzunehmen. Die gemessenen Daten werden parallel noch in meiner Datenbank abgelegt und grafisch aufbereitet. Somit habe ich auch die M\u00f6glichkeit eigene Archivauswertungen zur erstellen. <em>(wird zur Zeit implementiert)<\/em><\/p>\n<p><a href=\"https:\/\/www.jens-oerter.de\/new_vis\/jo\/wp-content\/uploads\/2018\/02\/feinstaub1w.jpg\" rel=\"lightbox[13041]\"><img loading=\"lazy\" decoding=\"async\" class=\"aligncenter wp-image-13046 size-medium\" src=\"https:\/\/www.jens-oerter.de\/new_vis\/jo\/wp-content\/uploads\/2018\/02\/feinstaub1w-800x353.jpg\" alt=\"\" width=\"800\" height=\"353\" srcset=\"https:\/\/www.jens-oerter.de\/new_vis\/jo\/wp-content\/uploads\/2018\/02\/feinstaub1w-800x353.jpg 800w, https:\/\/www.jens-oerter.de\/new_vis\/jo\/wp-content\/uploads\/2018\/02\/feinstaub1w-300x132.jpg 300w, https:\/\/www.jens-oerter.de\/new_vis\/jo\/wp-content\/uploads\/2018\/02\/feinstaub1w-768x338.jpg 768w, https:\/\/www.jens-oerter.de\/new_vis\/jo\/wp-content\/uploads\/2018\/02\/feinstaub1w-1024x451.jpg 1024w, https:\/\/www.jens-oerter.de\/new_vis\/jo\/wp-content\/uploads\/2018\/02\/feinstaub1w-500x220.jpg 500w, https:\/\/www.jens-oerter.de\/new_vis\/jo\/wp-content\/uploads\/2018\/02\/feinstaub1w.jpg 1080w\" sizes=\"auto, (max-width: 800px) 100vw, 800px\" \/><\/a><a href=\"https:\/\/www.jens-oerter.de\/new_vis\/jo\/wp-content\/uploads\/2018\/02\/feinstaub2w.jpg\" rel=\"lightbox[13041]\"><img loading=\"lazy\" decoding=\"async\" class=\"aligncenter wp-image-13047 size-medium\" src=\"https:\/\/www.jens-oerter.de\/new_vis\/jo\/wp-content\/uploads\/2018\/02\/feinstaub2w-800x450.jpg\" alt=\"\" width=\"800\" height=\"450\" srcset=\"https:\/\/www.jens-oerter.de\/new_vis\/jo\/wp-content\/uploads\/2018\/02\/feinstaub2w-800x450.jpg 800w, https:\/\/www.jens-oerter.de\/new_vis\/jo\/wp-content\/uploads\/2018\/02\/feinstaub2w-300x169.jpg 300w, https:\/\/www.jens-oerter.de\/new_vis\/jo\/wp-content\/uploads\/2018\/02\/feinstaub2w-768x432.jpg 768w, https:\/\/www.jens-oerter.de\/new_vis\/jo\/wp-content\/uploads\/2018\/02\/feinstaub2w-1024x576.jpg 1024w, https:\/\/www.jens-oerter.de\/new_vis\/jo\/wp-content\/uploads\/2018\/02\/feinstaub2w-500x281.jpg 500w, https:\/\/www.jens-oerter.de\/new_vis\/jo\/wp-content\/uploads\/2018\/02\/feinstaub2w.jpg 1080w\" sizes=\"auto, (max-width: 800px) 100vw, 800px\" \/><\/a>Um selbst so eine Messstation aufzubauen ben\u00f6tigt man ein paar Elektronikbauteile und ein bis zwei Stunden Zeit. Das zusammengebaute &#8222;Modul&#8220; ben\u00f6tigt nach der Fertigstellung eine Stromversorgung und einen WLAN Zugang. Eine Einkaufsliste und Bauanleitung auch in Videoform findet man auf der Seite des Projekts&nbsp;<a href=\"https:\/\/luftdaten.info\/feinstaubsensor-bauen\/\" target=\"_blank\" rel=\"noopener\">luftdaten.info\/feinstaubsensor-bauen\/.<\/a>&nbsp;<br \/>\nIch habe beim erstellen des Moduls darauf geachtet, dass die Elektronikbauteile von Dreck und Stau gesch\u00fctzt sind (Fliegengitter). Der Adurino Platine habe ich ein kleines Geh\u00e4use spendiert. Alle Steckverbindungen wurden angel\u00f6tet. Ein kleines Micro-USB Netzteil wurde ins Modul integriert.&nbsp;&nbsp;<\/p>\n<p>Aktuell k\u00f6nnen die Daten aus Niederdielfen auf meiner Seite unter dem<br \/>\nProjekt: <a href=\"https:\/\/www.jens-oerter.de\/new_vis\/jo\/projekte-2\/wetter-foto-webcam\/\">Wetter und Cam<\/a>&nbsp; eingesehen werden.<\/p>\n<p>Hier meine Sensoren als grafische Darstellung \u00fcber Grafana und InfluxDB&nbsp;generiert im Raspberry PI 1B. Parallel werden die Daten zum OK Lab Stuttgarts \u00fcbertragen.<br \/>\n<em>Upload zyklisch alle 10min, Zeitangaben sind UTC (Sommerzeit +2h, Winterzeit +1h)<\/em><br \/>\n<a href=\"https:\/\/www.jens-oerter.de\/webcam\/wetter\/joesfeinstaubsensor_p25.png\" rel=\"lightbox[13041]\"><img loading=\"lazy\" decoding=\"async\" class=\"alignnone\" src=\"https:\/\/www.jens-oerter.de\/webcam\/wetter\/joesfeinstaubsensor_p25.png\" alt=\"\" width=\"800\" height=\"400\"><\/a><br \/>\n<a href=\"https:\/\/www.jens-oerter.de\/webcam\/wetter\/joesfeinstaubsensor_p10.png\" rel=\"lightbox[13041]\"><img loading=\"lazy\" decoding=\"async\" class=\"alignnone\" src=\"https:\/\/www.jens-oerter.de\/webcam\/wetter\/joesfeinstaubsensor_p10.png\" alt=\"\" width=\"800\" height=\"400\"><\/a><br \/>\n&nbsp;<\/p>\n","protected":false},"excerpt":{"rendered":"<p>\u00fcber die Seite von luftdaten.info bin ich auf ein Open Source Projekt aufmerksam geworden, dass sich mit der Ermittlung von Feinstaubwerten und die Darstellung der Daten in einer \u00dcbersichtskarte besch\u00e4ftigt. Das Projekt des OK Lab Stuttgarts ist damals entstanden, um &hellip; <a href=\"https:\/\/www.jens-oerter.de\/new_vis\/jo\/2018-02-installation-einer-outdoor-feinstaubmessung-in-niederdielfen\/\">Weiterlesen <span class=\"meta-nav\">&rarr;<\/span><\/a><\/p>\n","protected":false},"author":2,"featured_media":0,"comment_status":"open","ping_status":"open","sticky":false,"template":"","format":"standard","meta":{"ngg_post_thumbnail":0,"footnotes":""},"categories":[5,93],"tags":[152],"class_list":["post-13041","post","type-post","status-publish","format-standard","hentry","category-news-blog","category-top_cat","tag-feinstaubsensor"],"aioseo_notices":[],"_links":{"self":[{"href":"https:\/\/www.jens-oerter.de\/new_vis\/jo\/wp-json\/wp\/v2\/posts\/13041","targetHints":{"allow":["GET"]}}],"collection":[{"href":"https:\/\/www.jens-oerter.de\/new_vis\/jo\/wp-json\/wp\/v2\/posts"}],"about":[{"href":"https:\/\/www.jens-oerter.de\/new_vis\/jo\/wp-json\/wp\/v2\/types\/post"}],"author":[{"embeddable":true,"href":"https:\/\/www.jens-oerter.de\/new_vis\/jo\/wp-json\/wp\/v2\/users\/2"}],"replies":[{"embeddable":true,"href":"https:\/\/www.jens-oerter.de\/new_vis\/jo\/wp-json\/wp\/v2\/comments?post=13041"}],"version-history":[{"count":0,"href":"https:\/\/www.jens-oerter.de\/new_vis\/jo\/wp-json\/wp\/v2\/posts\/13041\/revisions"}],"wp:attachment":[{"href":"https:\/\/www.jens-oerter.de\/new_vis\/jo\/wp-json\/wp\/v2\/media?parent=13041"}],"wp:term":[{"taxonomy":"category","embeddable":true,"href":"https:\/\/www.jens-oerter.de\/new_vis\/jo\/wp-json\/wp\/v2\/categories?post=13041"},{"taxonomy":"post_tag","embeddable":true,"href":"https:\/\/www.jens-oerter.de\/new_vis\/jo\/wp-json\/wp\/v2\/tags?post=13041"}],"curies":[{"name":"wp","href":"https:\/\/api.w.org\/{rel}","templated":true}]}}