{"id":13261,"date":"2018-05-21T17:07:31","date_gmt":"2018-05-21T16:07:31","guid":{"rendered":"https:\/\/www.jens-oerter.de\/new_vis\/jo\/?p=13261"},"modified":"2018-05-21T20:53:27","modified_gmt":"2018-05-21T19:53:27","slug":"2018-05-skifahren-wandern-und-biken-von-winter-bis-ins-fruehjahr","status":"publish","type":"post","link":"https:\/\/www.jens-oerter.de\/new_vis\/jo\/2018-05-skifahren-wandern-und-biken-von-winter-bis-ins-fruehjahr\/","title":{"rendered":"2018.05 \u2013 Skifahren, Wandern und Biken von \u00bbWinter\u00ab bis ins \u00bbFr\u00fchjahr\u00ab"},"content":{"rendered":"<p>Wie auch in vergangenen Jahren ging es Ende Januar zum Skifahren ins <strong>Zillertal<\/strong> nach <a href=\"http:\/\/www.brunnerhof-zillertal.at\/\" target=\"_blank\" rel=\"noopener\">Gerti<\/a> in den Brunnerhof. Noch nie habe ich an allen Tagen solch ein tolles Wetter gehabt. (max. -14\u00b0 am Gletscher)<br \/>\n<em>(1 Tag Mayerhofen Penken, 2 Tag Hochzillertal-F\u00fcgen, 3 Tag Zillertal Arena und am 4 Tag Zillertaler Gletscher) Eine tolle Tour &#8230;<\/em><\/p>\nngg_shortcode_0_placeholder\n<p>Im Februar zog es uns wieder einmal mit unserer Firmentruppe nach <strong>St.Anton am Arlberg<\/strong> zum Skifahren. Viele Sonne aber auch ein bisschen kalt bis -26\u00b0. Trotz dieser extremen K\u00e4lte war es im Sonnenschein noch gut auszuhalten. Die neue Verbindung nach Z\u00fcrs ist super klasse und recht schnell zu erreichen. Meines Erachten ist das Skigebiet dort am sch\u00f6nsten, jedoch der Apr\u00e9s-Ski Teil wiederum ist wohl wirklich in Stanton besser \ud83d\ude42&nbsp;<\/p>\nngg_shortcode_1_placeholder\n<p>Zum Fr\u00fchjahr hat Lioba ein neues Mountainbike erstanden. Nach ein paar Testfahren hatte Sie sich recht schnell entschieden. Das <strong>CANYON NEUTRON 7.0 WMN<\/strong> ist Ihr!<br \/>\nNat\u00fcrlich ein Bike ohne eAntrieb! Mofa fahren k\u00f6nnen wir sp\u00e4ter&#8230;<\/p>\n<p>Mit dem Bike m\u00f6chten wir ja unsere Fitness aufbauen, erhalten und schauen was unser K\u00f6rper noch so kann. Wie ein L\u00e4ufer bei einer Tour zu uns meinte &#8222;Hier wird noch ehrliche Arbeit verrichtet!&#8220; Wenn man in den Alpen oder hier im Sieger &amp; Sauerland eine anstrengende Tour gemeistert hat, kann man sagen&nbsp;\u00bbDas habe ich geschafft\u00ab und nicht mein eBike. Der Belohnungseffekt macht den Unterschied. <em>Aber jedem das Seine&#8230;<\/em><\/p>\n","protected":false},"excerpt":{"rendered":"<p>Wie auch in vergangenen Jahren ging es Ende Januar zum Skifahren ins Zillertal nach Gerti in den Brunnerhof. Noch nie habe ich an allen Tagen solch ein tolles Wetter gehabt. (max. -14\u00b0 am Gletscher) (1 Tag Mayerhofen Penken, 2 Tag &hellip; <a href=\"https:\/\/www.jens-oerter.de\/new_vis\/jo\/2018-05-skifahren-wandern-und-biken-von-winter-bis-ins-fruehjahr\/\">Weiterlesen <span class=\"meta-nav\">&rarr;<\/span><\/a><\/p>\n","protected":false},"author":2,"featured_media":0,"comment_status":"open","ping_status":"open","sticky":false,"template":"","format":"standard","meta":{"ngg_post_thumbnail":0,"footnotes":""},"categories":[7,5,93],"tags":[26,90,47,46,49,31,36,37,67],"class_list":["post-13261","post","type-post","status-publish","format-standard","hentry","category-mountainbike","category-news-blog","category-top_cat","tag-biken","tag-mountainbike","tag-mtb","tag-rothaarsteig","tag-siegerland","tag-ski","tag-st-anton-am-arlberg","tag-winterurlaub","tag-zillertal"],"aioseo_notices":[],"_links":{"self":[{"href":"https:\/\/www.jens-oerter.de\/new_vis\/jo\/wp-json\/wp\/v2\/posts\/13261","targetHints":{"allow":["GET"]}}],"collection":[{"href":"https:\/\/www.jens-oerter.de\/new_vis\/jo\/wp-json\/wp\/v2\/posts"}],"about":[{"href":"https:\/\/www.jens-oerter.de\/new_vis\/jo\/wp-json\/wp\/v2\/types\/post"}],"author":[{"embeddable":true,"href":"https:\/\/www.jens-oerter.de\/new_vis\/jo\/wp-json\/wp\/v2\/users\/2"}],"replies":[{"embeddable":true,"href":"https:\/\/www.jens-oerter.de\/new_vis\/jo\/wp-json\/wp\/v2\/comments?post=13261"}],"version-history":[{"count":0,"href":"https:\/\/www.jens-oerter.de\/new_vis\/jo\/wp-json\/wp\/v2\/posts\/13261\/revisions"}],"wp:attachment":[{"href":"https:\/\/www.jens-oerter.de\/new_vis\/jo\/wp-json\/wp\/v2\/media?parent=13261"}],"wp:term":[{"taxonomy":"category","embeddable":true,"href":"https:\/\/www.jens-oerter.de\/new_vis\/jo\/wp-json\/wp\/v2\/categories?post=13261"},{"taxonomy":"post_tag","embeddable":true,"href":"https:\/\/www.jens-oerter.de\/new_vis\/jo\/wp-json\/wp\/v2\/tags?post=13261"}],"curies":[{"name":"wp","href":"https:\/\/api.w.org\/{rel}","templated":true}]}}