{"id":14760,"date":"2019-07-22T21:17:02","date_gmt":"2019-07-22T20:17:02","guid":{"rendered":"https:\/\/www.jens-oerter.de\/new_vis\/jo\/?p=14760"},"modified":"2019-07-22T21:17:04","modified_gmt":"2019-07-22T20:17:04","slug":"2019-04-skifahren-wandern-und-biken-von-winter-bis-ins-fruehjahr","status":"publish","type":"post","link":"https:\/\/www.jens-oerter.de\/new_vis\/jo\/2019-04-skifahren-wandern-und-biken-von-winter-bis-ins-fruehjahr\/","title":{"rendered":"2019.04 \u2013 Skifahren, Wandern und Biken von \u00bbWinter\u00ab bis ins \u00bbFr\u00fchjahr\u00ab"},"content":{"rendered":"\n<p>Aus Mangel an Zeit habe ich leider nicht geschafft die Bilder und Informationen fr\u00fcher einzustellen. Wie auch in vergangenen Jahren ging es Ende Januar zum Skifahren ins <strong>Zillertal<\/strong> nach <a rel=\"noreferrer noopener\" href=\"http:\/\/www.brunnerhof-zillertal.at\/\" target=\"_blank\">Gerti<\/a> in den Brunnerhof. Auch in diesem Jahr hatten wir k\u00fchles und sonniges Wetter. (max. -14\u00b0 am Gletscher)<br><em>Eine tolle Tour &#8230;<\/em><\/p>\n\n\n\nngg_shortcode_0_placeholder\n<p>Wenige Wochen sp\u00e4ter f\u00fchren wir mit unserer Firmenskitruppe nach Saalbach-Hinterglemm. In diesem Skigebiet war ich noch nicht gefahren &#8211; deshalb freue ich mich umso mehr was Neues zu entdecken. Leider waren zu dieser Zeit die Temperaturen ziemlich hoch, da es aber im Vorfeld extrem viel Schnee gegeben hatte waren wie Pistenbedingungen sehr gut. Das Skigebiet ist wirklich sehr sch\u00f6n und auch das abendliche Erfrischungsgetr\u00e4nk konnte in angenehmer Atmosph\u00e4re zu sich genommen werden. Hat wirklich wieder viel Spa\u00df gemacht!&nbsp;&nbsp;<\/p>\n\n\n\nngg_shortcode_1_placeholder\n<p>Weiter folgen einige Winter \/ Fr\u00fchlingsimpressionen aus dem Siegerland und Umgebung.<\/p>\n\n\n\nngg_shortcode_2_placeholder\n","protected":false},"excerpt":{"rendered":"<p>Aus Mangel an Zeit habe ich leider nicht geschafft die Bilder und Informationen fr\u00fcher einzustellen. Wie auch in vergangenen Jahren ging es Ende Januar zum Skifahren ins Zillertal nach Gerti in den Brunnerhof. Auch in diesem Jahr hatten wir k\u00fchles &hellip; <a href=\"https:\/\/www.jens-oerter.de\/new_vis\/jo\/2019-04-skifahren-wandern-und-biken-von-winter-bis-ins-fruehjahr\/\">Weiterlesen <span class=\"meta-nav\">&rarr;<\/span><\/a><\/p>\n","protected":false},"author":2,"featured_media":14775,"comment_status":"open","ping_status":"open","sticky":false,"template":"","format":"standard","meta":{"ngg_post_thumbnail":6389,"footnotes":""},"categories":[5,93],"tags":[90,31,37],"class_list":["post-14760","post","type-post","status-publish","format-standard","has-post-thumbnail","hentry","category-news-blog","category-top_cat","tag-mountainbike","tag-ski","tag-winterurlaub"],"aioseo_notices":[],"_links":{"self":[{"href":"https:\/\/www.jens-oerter.de\/new_vis\/jo\/wp-json\/wp\/v2\/posts\/14760","targetHints":{"allow":["GET"]}}],"collection":[{"href":"https:\/\/www.jens-oerter.de\/new_vis\/jo\/wp-json\/wp\/v2\/posts"}],"about":[{"href":"https:\/\/www.jens-oerter.de\/new_vis\/jo\/wp-json\/wp\/v2\/types\/post"}],"author":[{"embeddable":true,"href":"https:\/\/www.jens-oerter.de\/new_vis\/jo\/wp-json\/wp\/v2\/users\/2"}],"replies":[{"embeddable":true,"href":"https:\/\/www.jens-oerter.de\/new_vis\/jo\/wp-json\/wp\/v2\/comments?post=14760"}],"version-history":[{"count":0,"href":"https:\/\/www.jens-oerter.de\/new_vis\/jo\/wp-json\/wp\/v2\/posts\/14760\/revisions"}],"wp:featuredmedia":[{"embeddable":true,"href":"https:\/\/www.jens-oerter.de\/new_vis\/jo\/wp-json\/wp\/v2\/media\/14775"}],"wp:attachment":[{"href":"https:\/\/www.jens-oerter.de\/new_vis\/jo\/wp-json\/wp\/v2\/media?parent=14760"}],"wp:term":[{"taxonomy":"category","embeddable":true,"href":"https:\/\/www.jens-oerter.de\/new_vis\/jo\/wp-json\/wp\/v2\/categories?post=14760"},{"taxonomy":"post_tag","embeddable":true,"href":"https:\/\/www.jens-oerter.de\/new_vis\/jo\/wp-json\/wp\/v2\/tags?post=14760"}],"curies":[{"name":"wp","href":"https:\/\/api.w.org\/{rel}","templated":true}]}}