{"id":14924,"date":"2019-08-16T20:49:39","date_gmt":"2019-08-16T19:49:39","guid":{"rendered":"https:\/\/www.jens-oerter.de\/new_vis\/jo\/?p=14924"},"modified":"2019-08-19T19:43:59","modified_gmt":"2019-08-19T18:43:59","slug":"reisebericht-disco2norway-2","status":"publish","type":"post","link":"https:\/\/www.jens-oerter.de\/new_vis\/jo\/reisebericht-disco2norway-2\/","title":{"rendered":"2019.07 &#8211; Reisebericht Disco2Norway Teil 1"},"content":{"rendered":"\r\n<blockquote class=\"wp-block-quote is-layout-flow wp-block-quote-is-layout-flow\">\r\n<p><strong>Reisebericht \u00dcbersicht Teil 1, <\/strong><strong><a style=\"text-decoration-line: underline;\" href=\"https:\/\/www.jens-oerter.de\/new_vis\/jo\/2reisebericht-disco2norway\/\">Teil 2<\/a><\/strong><strong>, <a href=\"https:\/\/www.jens-oerter.de\/new_vis\/jo\/3reisebericht-disco2norway\/\">Teil 3<\/a>, <a href=\"https:\/\/www.jens-oerter.de\/new_vis\/jo\/reisebericht-disco2norway\/\">Teil 4 <\/a>und <a href=\"https:\/\/www.jens-oerter.de\/new_vis\/jo\/5reisebericht-disco2norway\/\">Teil 5<\/a>.<\/strong><\/p>\r\n<\/blockquote>\r\n\r\n\r\n\r\n<p>Schon im letzten Jahr hatten wir beschlossen eine Reise nach Norwegen zu machen. Da eine Norwegen Rundreise mit eigenem Fahrzeug jedoch ein bisschen mehr Vorlauf bedeutete wurde die Reise verschoben. Nun in 2019 hatten wir vorzeitig begonnen die Reise zu planen.<\/p>\r\n\r\n\r\n\r\n<p><strong>Reiseplanung Teil 1<\/strong><br>Die Reisezeit, Reisedauer und Reiseroute<br>Reisezeit Juni-Juli<br>Reisedauer ~3 Wochen<br>Reiseroute: Kiel-Oslo (Color Line F\u00e4hrverbindung) &gt; Bereich Bergen &gt; Bereich Sognefjorden &gt; Bereich Alesund (Insel Runde) &gt; Bereich Trondheim &gt; Bereich Svartisen &gt; Lofoten und ggf. \u00fcber Schweden oder auch Norwegen zur\u00fcck nach Oslo<\/p>\r\n\r\n\r\n\r\n<p><strong>Reiseplanung Teil 2 <\/strong><br>Das Reisemobil:&nbsp;<br>Da Norwegen nicht das ideale Reiseland f\u00fcr B&amp;B Urlaub ist und ein reiner Zelturlaub nicht infrage kam, haben wir uns im Fr\u00fchjahr entscheiden f\u00fcr unseren Landrover Discovery Sport \u00bbDisco\u00ab ein Dachzelt anzuschaffen. Nach intensiven Recherchen in den verschiedensten Foren (u.a. <a href=\"https:\/\/dachzeltnomaden.com\/\" target=\"_blank\" rel=\"noopener noreferrer\">dachzeltnormaden.com<\/a>) wurde kurzerhand ein Autohome Maggiolina&nbsp; Airlander Plus bestellt. Die Vorteile einer solchen \u00dcbernachtungsart liegen klar auf der Hand:<\/p>\r\n\r\n\r\n\r\n<ul class=\"wp-block-list\">\r\n<li>Hartschale als Top Wetterschutz<\/li>\r\n<li>keine Aufbauzeit (max. 30sec. Kurbeln)<\/li>\r\n<li>220l zus\u00e4tzliches Ladevolumen ideal f\u00fcr Schlafsack usw.<\/li>\r\n<li>Fast unbegrenzte \u00dcbernachtungsm\u00f6glichkeiten in Norwegen und auch Anderswo<\/li>\r\n<li>richtige Matratze<a href=\"https:\/\/www.jens-oerter.de\/new_vis\/jo\/wp-content\/uploads\/2019\/07\/3.jpg\" rel=\"lightbox[14924]\"><img loading=\"lazy\" decoding=\"async\" class=\"alignnone wp-image-14835\" src=\"https:\/\/www.jens-oerter.de\/new_vis\/jo\/wp-content\/uploads\/2019\/07\/3.jpg\" alt=\"\" width=\"800\" height=\"533\" data-id=\"14835\" srcset=\"https:\/\/www.jens-oerter.de\/new_vis\/jo\/wp-content\/uploads\/2019\/07\/3.jpg 800w, https:\/\/www.jens-oerter.de\/new_vis\/jo\/wp-content\/uploads\/2019\/07\/3-300x200.jpg 300w, https:\/\/www.jens-oerter.de\/new_vis\/jo\/wp-content\/uploads\/2019\/07\/3-768x512.jpg 768w, https:\/\/www.jens-oerter.de\/new_vis\/jo\/wp-content\/uploads\/2019\/07\/3-450x300.jpg 450w\" sizes=\"auto, (max-width: 800px) 100vw, 800px\" \/><\/a><a href=\"https:\/\/www.jens-oerter.de\/new_vis\/jo\/wp-content\/uploads\/2019\/07\/4-2.jpg\" rel=\"lightbox[14924]\"><img loading=\"lazy\" decoding=\"async\" class=\"alignnone wp-image-14840\" src=\"https:\/\/www.jens-oerter.de\/new_vis\/jo\/wp-content\/uploads\/2019\/07\/4-2.jpg\" alt=\"\" width=\"800\" height=\"450\" data-id=\"14840\" data-link=\"https:\/\/www.jens-oerter.de\/new_vis\/jo\/2019-07-disco-2-norwary\/4-2\/\" srcset=\"https:\/\/www.jens-oerter.de\/new_vis\/jo\/wp-content\/uploads\/2019\/07\/4-2.jpg 800w, https:\/\/www.jens-oerter.de\/new_vis\/jo\/wp-content\/uploads\/2019\/07\/4-2-300x169.jpg 300w, https:\/\/www.jens-oerter.de\/new_vis\/jo\/wp-content\/uploads\/2019\/07\/4-2-768x432.jpg 768w, https:\/\/www.jens-oerter.de\/new_vis\/jo\/wp-content\/uploads\/2019\/07\/4-2-500x281.jpg 500w\" sizes=\"auto, (max-width: 800px) 100vw, 800px\" \/><\/a><\/li>\r\n<\/ul>\r\n<p><a href=\"https:\/\/www.jens-oerter.de\/new_vis\/jo\/wp-content\/uploads\/2019\/08\/Schubkastensystem.jpg\" rel=\"lightbox[14924]\"><img loading=\"lazy\" decoding=\"async\" class=\"aligncenter wp-image-15483 size-thumbnail\" src=\"https:\/\/www.jens-oerter.de\/new_vis\/jo\/wp-content\/uploads\/2019\/08\/Schubkastensystem-300x244.jpg\" alt=\"\" width=\"300\" height=\"244\" srcset=\"https:\/\/www.jens-oerter.de\/new_vis\/jo\/wp-content\/uploads\/2019\/08\/Schubkastensystem-300x244.jpg 300w, https:\/\/www.jens-oerter.de\/new_vis\/jo\/wp-content\/uploads\/2019\/08\/Schubkastensystem-800x650.jpg 800w, https:\/\/www.jens-oerter.de\/new_vis\/jo\/wp-content\/uploads\/2019\/08\/Schubkastensystem-768x624.jpg 768w, https:\/\/www.jens-oerter.de\/new_vis\/jo\/wp-content\/uploads\/2019\/08\/Schubkastensystem-1024x832.jpg 1024w, https:\/\/www.jens-oerter.de\/new_vis\/jo\/wp-content\/uploads\/2019\/08\/Schubkastensystem-369x300.jpg 369w, https:\/\/www.jens-oerter.de\/new_vis\/jo\/wp-content\/uploads\/2019\/08\/Schubkastensystem.jpg 1080w\" sizes=\"auto, (max-width: 300px) 100vw, 300px\" \/><\/a><\/p>\r\n\r\n\r\n\r\n<p><strong>Reiseplanung Teil 3<\/strong><br>Das Reisezubeh\u00f6r:<br>+ Eigenbau eines Schubkastensystem mit Airline Befestigungsschienen inkl. ausfahrbarem Oberteil f\u00fcr unsere K\u00fcchenbox<br>+ Outdoor K\u00fcchenbox<br>+ leichtes und flexibles Zubeh\u00f6r wie St\u00fchle, Tisch, Vorzelt, Toilette usw.<\/p>\r\n\r\n\r\n\r\n<p>Nachdem wir alle Reisevorbereitungen abgeschlossen hatten, haben wir einen Testausflug in Nahe Lahntal gemacht (Bericht 2019.05). Kleine Problem konnten wir erkennen und schnell beseitigen.<\/p>\r\n\r\n\r\n\r\n<blockquote class=\"wp-block-quote is-layout-flow wp-block-quote-is-layout-flow\">\r\n<p><strong>Reisebericht \u00dcbersicht Teil 1, <\/strong><strong><a style=\"text-decoration-line: underline;\" href=\"https:\/\/www.jens-oerter.de\/new_vis\/jo\/2reisebericht-disco2norway\/\">Teil 2<\/a><\/strong><strong>, <a href=\"https:\/\/www.jens-oerter.de\/new_vis\/jo\/3reisebericht-disco2norway\/\">Teil 3<\/a>, <a href=\"https:\/\/www.jens-oerter.de\/new_vis\/jo\/reisebericht-disco2norway\/\">Teil 4 <\/a>und <a href=\"https:\/\/www.jens-oerter.de\/new_vis\/jo\/5reisebericht-disco2norway\/\">Teil 5<\/a>.<\/strong><\/p>\r\n<\/blockquote>\r\n\r\n\r\n\r\n<p><strong>Samstag, 8. Juni 2019<\/strong><br>Um 4: 00Uhr starteten wir unsere Reise nach Norwegen. Ohne Stau und recht entspannt kamen wir gegen Vormittag in Kiel an. Unsere kleine F\u00e4hre war mit 15 Decks doch nicht so klein wie geahnt. Ein waschechtes Kreuzfahrschiff mit Einkaufszone, Restaurant, Pubs, Casino, Schwimmbad Theater usw.<br>Ohne nennenswerten Seegang bei sonnigem Wetter erreichten wir vor 10Uhr morgens Oslo. Da wir Oslo nicht eingeplant haben verlassen wir recht schnell die 700.000 Einwohner Stadt nach Westen. Nach wenigen Kilometern ist von der gr\u00f6\u00dften Stadt Norwegen nichts mehr zu sp\u00fcren. Da in Norwegen auf den meisten Stra\u00dfen Tempo 80 ist, l\u00e4sst es sich schnell ganz relaxt fahren.<\/p>\r\n\r\n\r\n\r\n<p>In der Region Telemark neben dem Ort Heddal konnten wir die erste gro\u00dfe Holzkirche bewundern. Die aus dem 14. Jahrhundert stammende Kirche ist beeindruckend und auch der Innenausbau aus toll geschnitztem Holz ist sehenswert.<\/p>\r\n\r\n\r\n\r\n<p>Beim Ort Sauland verlie\u00dfen wir die gut ausgebaute Landstra\u00dfe und fuhren \u00fcber eine sch\u00f6ne Panoramastra\u00dfe Richtung Norden. Der kleine Umweg f\u00fchrte \u00fcber viele sch\u00f6ne kleine Seen entlang von Tuddal, Rujkan und in Amot zur\u00fcck auf die Hauptroute. Danach erreichten wir das Hochplateau des Haukelifjell. Im Umfeld der ca. 1000m hohen Gebirgsstra\u00dfe herrschte noch Winterstimmung. Viele Seen waren hier noch eingefroren und rechts und links an der Stra\u00dfe lagen noch meterhohe Schneefelder. Am sp\u00e4ten Nachmittag erreichten wir den Ort Roldal am Roldalsvatnet (See). Der direkt am Ufer des Sees gelegene Seim Campingplatz war unser erste \u00dcbernachtungs-Stopp.<\/p>\r\n\r\n\r\n\r\n<p><strong>Sonntag, 9. Juni 2019<\/strong><br>Nach unserer ersten Nacht in Norwegen fuhren wir \u00fcber die alte schmale Passstra\u00dfe aufs Roldalsfjellet. Das n\u00e4chste Highlight ist schnell erreicht. Der L\u00e5tefossen ein m\u00e4chtiger zweistr\u00f6miger Wasserfall, der sich an diesem Tag in all seiner Pracht zeigte. Die Stra\u00dfe f\u00fchrte weiter entlang des Sandvinvatnet der \u00fcber die m\u00e4chtigen Gletscher des Folgefonna gespeist wird. Der See flie\u00dft im laufenden in den S\u00f8rfjord, den wir \u00fcber 70 km folgen. Er ist ein Arm des Hardangerfjord. \u00dcber die Hardangerbrua wechseln wir die Fjordseite und fahren Richtung Westen. In Steine k\u00f6nnen wir hinter den Wasserfall des Steinsdalsfossen laufen &#8211; beeindruckend. Von dort folgen wir der Stra\u00dfe nach Bergen. Leider gab es in Bergen heute einen Umzug so, das die Stadt im Ausnahmezustand war. Durch den vielen Stau qu\u00e4lten wir ins durch die Stadt auf eine der vorgelagerten Inseln. In der N\u00e4he des Ortes M\u00f8vika liegt der Skogtun Campingplatz. Der Campingplatz ist wirklich der Hammer. Tolle Lage und sehr gute Infrastruktur. Am Pier konnten wir einige Angler beobachten und genossen den Sonnenuntergang.<\/p>\r\n\r\n\r\n\r\n<figure class=\"wp-block-image\"><a href=\"https:\/\/www.jens-oerter.de\/new_vis\/jo\/wp-content\/uploads\/2019\/08\/2019_norwegen_pano_01.jpg\" rel=\"lightbox[14924]\"><img loading=\"lazy\" decoding=\"async\" class=\"alignnone wp-image-15396\" src=\"https:\/\/www.jens-oerter.de\/new_vis\/jo\/wp-content\/uploads\/2019\/08\/2019_norwegen_pano_01-1024x596.jpg\" alt=\"\" width=\"1024\" height=\"596\" srcset=\"https:\/\/www.jens-oerter.de\/new_vis\/jo\/wp-content\/uploads\/2019\/08\/2019_norwegen_pano_01-1024x596.jpg 1024w, https:\/\/www.jens-oerter.de\/new_vis\/jo\/wp-content\/uploads\/2019\/08\/2019_norwegen_pano_01-300x175.jpg 300w, https:\/\/www.jens-oerter.de\/new_vis\/jo\/wp-content\/uploads\/2019\/08\/2019_norwegen_pano_01-800x466.jpg 800w, https:\/\/www.jens-oerter.de\/new_vis\/jo\/wp-content\/uploads\/2019\/08\/2019_norwegen_pano_01-768x447.jpg 768w, https:\/\/www.jens-oerter.de\/new_vis\/jo\/wp-content\/uploads\/2019\/08\/2019_norwegen_pano_01-500x291.jpg 500w, https:\/\/www.jens-oerter.de\/new_vis\/jo\/wp-content\/uploads\/2019\/08\/2019_norwegen_pano_01.jpg 1600w\" sizes=\"auto, (max-width: 1024px) 100vw, 1024px\" \/><\/a><\/figure>\r\n\r\n\r\n\r\n<p><strong>Montag, 10. Juni 2019<\/strong><br>Ein sonniger Morgen machte das Fr\u00fchst\u00fcck noch leckerer, aber wir wollten ja noch weiter&#8230; \u00dcber Bergen ging es entlang einiger gro\u00dfer Seen nach Vossavangen. Wir folgten weiter dem Fluss der bei Rams\u00f8y in einen Arm des Aurlandsfjorden flie\u00dft. Durch den Gudvangatunnel kommen wir z\u00fcgig nach Fl\u00e5m wo die gro\u00dfen Kreuzfahrtschiffe anlanden und weiter ging es nach Aurlandsvangen. Dort hatten wir ein gem\u00fctliches Cafe ersp\u00e4ht. Frisch gest\u00e4rkt folgten wir der steilen Passstra\u00dfe hinauf aufs Gr\u00f8nefjell. Auch hier war alles noch fest in Winterhand. \u00dcber L\u00e6rdals\u00f8yri und den danach liegenden Tunnel gelangten wir zur F\u00e4hre Fodnes-ferjekai. Da es schon recht sp\u00e4t war haben wir den Campingplatz Kj\u00f8rnes gegen\u00fcber der Stadt Sogndal ins Auge gefasst. Der Platz ist sehr gro\u00df aber nicht so \u00fcberf\u00fcllt. Ein toller Standplatz direkt am Fjord haben wir uns ergattert k\u00f6nnen.<\/p>\r\n\r\n\r\n\r\nngg_shortcode_0_placeholder\r\n\r\n\r\n\r\n<p><strong>Dienstag, 11. Juni 2019<\/strong><br>Nach einer entspannten Nacht brachen wir zeitig auf. An diesem Tag sollte es entlang des Jostedalsbreen zum Geiragner Fjord gehen. Kurz vor dem Fj\u00e6rlandstunnel schob sich die gewaltige Geltscherzunge Boyabreen den Hang hinunter. Unter dem Gletscher gelangt man in den Tunnel. In Utvik erreichten wir den Nordfjord. Diesem folgten wir nach Osten. Leider war die Panoramastra\u00dfe auf den Strynefjell noch gesperrt. Dadurch mussten wir den Tunnel ins Breiddaten Tal nutzen. Von dort aus folgten wir die Stra\u00dfe nach Norden zum Geirangerfjord. Der Blick von Oben auf den engen Fjord war echt toll, jedoch je weiter man ans Wasser kommt, desto touristischer wird es. An der Ostseite des Fjords geht die bekannte Passstra\u00dfe hinauf. Hier wird es chaotisch. Ein Bus nach dem anderen schl\u00e4ngelte sich die extrem schmale Passstra\u00dfe hinauf und hinunter. Schnell weg!<br>Weiter folgten wir der Stra\u00dfe am Storfjorden Richtung \u00c5lesund. \u00c5lesund selbst lassen wir rechts liegen und nehmen die F\u00e4hre nach Hareid und zur Vogelinsel Runde.<br>Kurz vor 20: 00Uhr erreichen wir den Goks\u00f8yr Campingplatz und wurden freundlich auf Deutsch begr\u00fc\u00dft. Nach einigen Informationen teilte uns der Chef mit, dass wir sofort aufbrechen m\u00fcssten, um die Puffins zu sehen. Eigentlich waren wir ganz sch\u00f6n erledigt aber &#8211; Puffins &#8211; sind Pflicht und die sind wohl nur Abends auf der Insel. Nach einer halben Stunde steil bergauf erreichen wir die Puffin-Kolonie und werden nicht entt\u00e4uscht. Extrem nah kommt man hier an die kleinen V\u00f6gel. Alle Fotografen waren total leise &#8211; man h\u00f6rte nur die Puffins und das klicken der Ausl\u00f6ser. Echt Wahnsinn!<br>Nach einem Nachtmal fielen wir M\u00fcde ins Bett&#8230;<\/p>\r\n\r\n\r\n\r\n<p><strong>Mittwoch, 12. Juni 2019<\/strong><br>An diesem Morgen war es sehr durchwachsen. Ein Schauer folgte dem anderen und wir \u00fcberlegten lange, ob wir die Rundwanderung auf der Vogelinsel angehen sollten. Da aber auch andere loszogen, hatten wir uns auch entschlossen zu starten. Nach ca. 1 Stunde kamen am nordwestlichen Leuchtturm an und pl\u00f6tzlich kam auch die Sonne zu Vorschein. Ab hier f\u00fchrt der Pfad an der K\u00fcste entlang. In den steilen Felsen br\u00fcten tausende Gannets. Ab und an kamen ein Seeadlerpaar vorbei. In den Wiesen br\u00fcten Skuas (gro\u00dfe Raubm\u00f6ven). Eine tolle Wanderung mit sch\u00f6nen Ausblicken. Sehr empfehlenswert. Von Runde fuhren wir zur\u00fcck nach Alesund. Nach einer kleinen Stadtbesichtigung fuhren wir zum n\u00e4chsten Campingplatz bei Fagervikan am Tresfjord. Unser Stellplatz ist nur 2 m vom Wasser entfernt &#8211; toll gelegen und mit sehr guter Infrastruktur.<br><br><em>&#8230; weiterlesen <\/em><\/p>\r\n\r\n\r\n\r\n<blockquote class=\"wp-block-quote is-layout-flow wp-block-quote-is-layout-flow\">\r\n<p><strong>Reisebericht \u00dcbersicht Teil 1, <\/strong><strong><a style=\"text-decoration-line: underline;\" href=\"https:\/\/www.jens-oerter.de\/new_vis\/jo\/2reisebericht-disco2norway\/\">Teil 2<\/a><\/strong><strong>, <a href=\"https:\/\/www.jens-oerter.de\/new_vis\/jo\/3reisebericht-disco2norway\/\">Teil 3<\/a>, <a href=\"https:\/\/www.jens-oerter.de\/new_vis\/jo\/reisebericht-disco2norway\/\">Teil 4 <\/a>und <a href=\"https:\/\/www.jens-oerter.de\/new_vis\/jo\/5reisebericht-disco2norway\/\">Teil 5<\/a>.<\/strong><\/p>\r\n<\/blockquote>\r\n\r\n\r\n\r\n<p>&nbsp;<\/p>\r\n","protected":false},"excerpt":{"rendered":"<p>Reisebericht \u00dcbersicht Teil 1, Teil 2, Teil 3, Teil 4 und Teil 5. Schon im letzten Jahr hatten wir beschlossen eine Reise nach Norwegen zu machen. Da eine Norwegen Rundreise mit eigenem Fahrzeug jedoch ein bisschen mehr Vorlauf bedeutete wurde &hellip; <a href=\"https:\/\/www.jens-oerter.de\/new_vis\/jo\/reisebericht-disco2norway-2\/\">Weiterlesen <span class=\"meta-nav\">&rarr;<\/span><\/a><\/p>\n","protected":false},"author":2,"featured_media":0,"comment_status":"open","ping_status":"open","sticky":false,"template":"","format":"standard","meta":{"ngg_post_thumbnail":0,"footnotes":""},"categories":[5,93],"tags":[192,29,58],"class_list":["post-14924","post","type-post","status-publish","format-standard","hentry","category-news-blog","category-top_cat","tag-norwegen","tag-urlaub","tag-wandern-europa"],"aioseo_notices":[],"_links":{"self":[{"href":"https:\/\/www.jens-oerter.de\/new_vis\/jo\/wp-json\/wp\/v2\/posts\/14924","targetHints":{"allow":["GET"]}}],"collection":[{"href":"https:\/\/www.jens-oerter.de\/new_vis\/jo\/wp-json\/wp\/v2\/posts"}],"about":[{"href":"https:\/\/www.jens-oerter.de\/new_vis\/jo\/wp-json\/wp\/v2\/types\/post"}],"author":[{"embeddable":true,"href":"https:\/\/www.jens-oerter.de\/new_vis\/jo\/wp-json\/wp\/v2\/users\/2"}],"replies":[{"embeddable":true,"href":"https:\/\/www.jens-oerter.de\/new_vis\/jo\/wp-json\/wp\/v2\/comments?post=14924"}],"version-history":[{"count":1,"href":"https:\/\/www.jens-oerter.de\/new_vis\/jo\/wp-json\/wp\/v2\/posts\/14924\/revisions"}],"predecessor-version":[{"id":15493,"href":"https:\/\/www.jens-oerter.de\/new_vis\/jo\/wp-json\/wp\/v2\/posts\/14924\/revisions\/15493"}],"wp:attachment":[{"href":"https:\/\/www.jens-oerter.de\/new_vis\/jo\/wp-json\/wp\/v2\/media?parent=14924"}],"wp:term":[{"taxonomy":"category","embeddable":true,"href":"https:\/\/www.jens-oerter.de\/new_vis\/jo\/wp-json\/wp\/v2\/categories?post=14924"},{"taxonomy":"post_tag","embeddable":true,"href":"https:\/\/www.jens-oerter.de\/new_vis\/jo\/wp-json\/wp\/v2\/tags?post=14924"}],"curies":[{"name":"wp","href":"https:\/\/api.w.org\/{rel}","templated":true}]}}