{"id":15399,"date":"2019-08-16T20:48:54","date_gmt":"2019-08-16T19:48:54","guid":{"rendered":"https:\/\/www.jens-oerter.de\/new_vis\/jo\/?p=15399"},"modified":"2019-08-18T12:34:13","modified_gmt":"2019-08-18T11:34:13","slug":"2reisebericht-disco2norway","status":"publish","type":"post","link":"https:\/\/www.jens-oerter.de\/new_vis\/jo\/2reisebericht-disco2norway\/","title":{"rendered":"2019.07 &#8211; Reisebericht Disco2Norway Teil 2"},"content":{"rendered":"\r\n<blockquote class=\"wp-block-quote is-layout-flow wp-block-quote-is-layout-flow\">\r\n<p><strong>Reisebericht \u00dcbersicht <a href=\"https:\/\/www.jens-oerter.de\/new_vis\/jo\/reisebericht-disco2norway-2\/\">Teil 1<\/a>, <\/strong><strong>Teil 2<\/strong><strong>, <a href=\"https:\/\/www.jens-oerter.de\/new_vis\/jo\/3reisebericht-disco2norway\/\">Teil 3<\/a>, <a href=\"https:\/\/www.jens-oerter.de\/new_vis\/jo\/reisebericht-disco2norway\/\">Teil 4 <\/a>und <a href=\"https:\/\/www.jens-oerter.de\/new_vis\/jo\/5reisebericht-disco2norway\/\">Teil 5<\/a>.<\/strong><\/p>\r\n<\/blockquote>\r\n\r\n\r\n\r\n<p><strong>Freitag, 14. Juni<\/strong><br>Wir verlie\u00dfen den Tresfjord \u00fcber die Br\u00fccke im Norden und fuhren zur F\u00e4hre bei Furneset. Nach kurzer Fahrt erreichen wir Molde. Molde ist eine sehr modern gestaltete Stadt. Nach einem kurzen Zwischenstopp fuhren wir jedoch zu unserem eigentlichen Ziel &#8211; der Atlanterhavsvegen (Atlantikk\u00fcstenstra\u00dfe). Wie aus vielen Bildern bekannt f\u00fchrt die Stra\u00dfe \u00fcber viele kleine Br\u00fccken von einer Miniinsel zur n\u00e4chsten. Die Touristenstra\u00dfe f\u00fchrt bis nach Kistiansund. Bei strahlender Sonne genossen wir das blaue Meer und die Landschaft. Erst sp\u00e4t am Abend erreichten wir unseren n\u00e4chsten Camping Platz &#8211; Skogrand Camping.<\/p>\r\n<p><a href=\"https:\/\/www.jens-oerter.de\/new_vis\/jo\/wp-content\/uploads\/2019\/08\/2019_norwegen_pano_09.jpg\" rel=\"lightbox[15399]\"><img loading=\"lazy\" decoding=\"async\" class=\"aligncenter size-medium wp-image-15462\" src=\"https:\/\/www.jens-oerter.de\/new_vis\/jo\/wp-content\/uploads\/2019\/08\/2019_norwegen_pano_09-800x196.jpg\" alt=\"\" width=\"800\" height=\"196\" srcset=\"https:\/\/www.jens-oerter.de\/new_vis\/jo\/wp-content\/uploads\/2019\/08\/2019_norwegen_pano_09-800x196.jpg 800w, https:\/\/www.jens-oerter.de\/new_vis\/jo\/wp-content\/uploads\/2019\/08\/2019_norwegen_pano_09-300x73.jpg 300w, https:\/\/www.jens-oerter.de\/new_vis\/jo\/wp-content\/uploads\/2019\/08\/2019_norwegen_pano_09-768x188.jpg 768w, https:\/\/www.jens-oerter.de\/new_vis\/jo\/wp-content\/uploads\/2019\/08\/2019_norwegen_pano_09-1024x250.jpg 1024w, https:\/\/www.jens-oerter.de\/new_vis\/jo\/wp-content\/uploads\/2019\/08\/2019_norwegen_pano_09-500x122.jpg 500w, https:\/\/www.jens-oerter.de\/new_vis\/jo\/wp-content\/uploads\/2019\/08\/2019_norwegen_pano_09.jpg 1600w\" sizes=\"auto, (max-width: 800px) 100vw, 800px\" \/><\/a><a href=\"https:\/\/www.jens-oerter.de\/new_vis\/jo\/wp-content\/uploads\/2019\/08\/2019_norwegen_pano_04.jpg\" rel=\"lightbox[15399]\"><img loading=\"lazy\" decoding=\"async\" class=\"aligncenter size-medium wp-image-15464\" src=\"https:\/\/www.jens-oerter.de\/new_vis\/jo\/wp-content\/uploads\/2019\/08\/2019_norwegen_pano_04-800x174.jpg\" alt=\"\" width=\"800\" height=\"174\" srcset=\"https:\/\/www.jens-oerter.de\/new_vis\/jo\/wp-content\/uploads\/2019\/08\/2019_norwegen_pano_04-800x174.jpg 800w, https:\/\/www.jens-oerter.de\/new_vis\/jo\/wp-content\/uploads\/2019\/08\/2019_norwegen_pano_04-300x65.jpg 300w, https:\/\/www.jens-oerter.de\/new_vis\/jo\/wp-content\/uploads\/2019\/08\/2019_norwegen_pano_04-768x167.jpg 768w, https:\/\/www.jens-oerter.de\/new_vis\/jo\/wp-content\/uploads\/2019\/08\/2019_norwegen_pano_04-1024x222.jpg 1024w, https:\/\/www.jens-oerter.de\/new_vis\/jo\/wp-content\/uploads\/2019\/08\/2019_norwegen_pano_04-500x108.jpg 500w, https:\/\/www.jens-oerter.de\/new_vis\/jo\/wp-content\/uploads\/2019\/08\/2019_norwegen_pano_04.jpg 1600w\" sizes=\"auto, (max-width: 800px) 100vw, 800px\" \/><\/a><\/p>\r\n\r\n\r\n\r\n<p><strong>Samstag, 15. Juni<\/strong><br>Von Skogrand fuhren wir nach Trondheim. Das Wetter war erste Sahne. Ein Parkplatz am Hafen war schnell gefunden. Danach schlenderten wir an der modernen Hafencity in die Altstadt. Ein sehenswertes Highlight war der Dom von Trondheim &#8222;Nidaros domkirke&#8220;. Einziger Nachteil ist hier, dass man sich einer F\u00fchrung anschlie\u00dfen muss, um auf den Turm zu gelangen. Wir gingen weiter durch den Park ins alte Handelsviertel. Von dort aus muss man steil den Berg hinauf zur alten Festung. Am Weg gibt es einen Fahrradaufzug &#8211; echt skurril. Von der Festung hat man einen tollen Blick auf die Stadt. F\u00fcr ein Getr\u00e4nk in einem sch\u00f6nen alten Kaffeehaus mit B\u00fccherrei hatten wir noch Zeit. <br>Danach verlie\u00dfen wir Trondheim leider schon viel zu fr\u00fch. Unser Weg f\u00fchrte weiter entlang des Trondheimfjords. Am Sn\u00e5savatnet (See) verlassen wir die E6 und suchen uns einen \u00dcbernachtungsplatz. In \u00c5lneset wurden wir f\u00fcndig. Auf einem kleinen Platz an einem Bauernhof k\u00f6nnten wir unser Camp aufschlagen. Weit und breit ist hier sonst niemand. Die Stille wurde hier nur von unserem knisternden Lagerfeuer etwas unterbrochen. Ein genialer Ort zum \u00dcbernachten.<\/p>\r\n<blockquote>\r\n<p><strong>Wegen zeitlichen Problemen habe ich leider die n\u00e4chsten Tage nur noch Stichpunktartig aufgeschrieben. (der ausf\u00fchrliche Text folgt noch in den n\u00e4chsten Wochen)<\/strong><\/p>\r\n<p>&nbsp;<\/p>\r\n<\/blockquote>\r\nngg_shortcode_0_placeholder\r\n<p><strong>Sonntag, 16. Juni<\/strong><br>\u00c5lneset &#8211; Sn\u00e5sa &#8211; \u00fcber Helgeland Kysten nach Sj\u00f8bakken G\u00e5rdsferie&nbsp;<\/p>\r\n<p><strong>Montag, 17. Juni<\/strong><br>Helgeland Kysten &#8211; Mo i Rana &#8211; Smalvatnet Gletscher See&nbsp;<br>\u00dcberschreitung des Polarkreises auf dem Seeweg &#8211; Fur\u00f8y Camping<\/p>\r\n<p><strong>Dienstag, 18. Juni<\/strong><br>Svartisen &#8211; Engabreen Gletscher (Wanderung)<\/p>\r\n<p><a href=\"https:\/\/www.jens-oerter.de\/new_vis\/jo\/wp-content\/uploads\/2019\/08\/2019_norwegen_pano_14.jpg\" rel=\"lightbox[15399]\"><img loading=\"lazy\" decoding=\"async\" class=\"aligncenter size-medium wp-image-15481\" src=\"https:\/\/www.jens-oerter.de\/new_vis\/jo\/wp-content\/uploads\/2019\/08\/2019_norwegen_pano_14-800x240.jpg\" alt=\"\" width=\"800\" height=\"240\" srcset=\"https:\/\/www.jens-oerter.de\/new_vis\/jo\/wp-content\/uploads\/2019\/08\/2019_norwegen_pano_14-800x240.jpg 800w, https:\/\/www.jens-oerter.de\/new_vis\/jo\/wp-content\/uploads\/2019\/08\/2019_norwegen_pano_14-300x90.jpg 300w, https:\/\/www.jens-oerter.de\/new_vis\/jo\/wp-content\/uploads\/2019\/08\/2019_norwegen_pano_14-768x230.jpg 768w, https:\/\/www.jens-oerter.de\/new_vis\/jo\/wp-content\/uploads\/2019\/08\/2019_norwegen_pano_14-1024x307.jpg 1024w, https:\/\/www.jens-oerter.de\/new_vis\/jo\/wp-content\/uploads\/2019\/08\/2019_norwegen_pano_14-500x150.jpg 500w, https:\/\/www.jens-oerter.de\/new_vis\/jo\/wp-content\/uploads\/2019\/08\/2019_norwegen_pano_14.jpg 1600w\" sizes=\"auto, (max-width: 800px) 100vw, 800px\" \/><\/a><\/p>\r\n<blockquote>\r\n<p><strong>Reisebericht \u00dcbersicht <a href=\"https:\/\/www.jens-oerter.de\/new_vis\/jo\/reisebericht-disco2norway-2\/\">Teil 1<\/a>, <\/strong><strong>Teil 2<\/strong><strong>, <a href=\"https:\/\/www.jens-oerter.de\/new_vis\/jo\/3reisebericht-disco2norway\/\">Teil 3<\/a>, <a href=\"https:\/\/www.jens-oerter.de\/new_vis\/jo\/reisebericht-disco2norway\/\">Teil 4 <\/a>und <a href=\"https:\/\/www.jens-oerter.de\/new_vis\/jo\/5reisebericht-disco2norway\/\">Teil 5<\/a>.<\/strong><\/p>\r\n<\/blockquote>\r\n","protected":false},"excerpt":{"rendered":"<p>Reisebericht \u00dcbersicht Teil 1, Teil 2, Teil 3, Teil 4 und Teil 5. Freitag, 14. JuniWir verlie\u00dfen den Tresfjord \u00fcber die Br\u00fccke im Norden und fuhren zur F\u00e4hre bei Furneset. Nach kurzer Fahrt erreichen wir Molde. Molde ist eine sehr &hellip; <a href=\"https:\/\/www.jens-oerter.de\/new_vis\/jo\/2reisebericht-disco2norway\/\">Weiterlesen <span class=\"meta-nav\">&rarr;<\/span><\/a><\/p>\n","protected":false},"author":2,"featured_media":0,"comment_status":"open","ping_status":"open","sticky":false,"template":"","format":"standard","meta":{"ngg_post_thumbnail":0,"footnotes":""},"categories":[5],"tags":[192,29,58],"class_list":["post-15399","post","type-post","status-publish","format-standard","hentry","category-news-blog","tag-norwegen","tag-urlaub","tag-wandern-europa"],"aioseo_notices":[],"_links":{"self":[{"href":"https:\/\/www.jens-oerter.de\/new_vis\/jo\/wp-json\/wp\/v2\/posts\/15399","targetHints":{"allow":["GET"]}}],"collection":[{"href":"https:\/\/www.jens-oerter.de\/new_vis\/jo\/wp-json\/wp\/v2\/posts"}],"about":[{"href":"https:\/\/www.jens-oerter.de\/new_vis\/jo\/wp-json\/wp\/v2\/types\/post"}],"author":[{"embeddable":true,"href":"https:\/\/www.jens-oerter.de\/new_vis\/jo\/wp-json\/wp\/v2\/users\/2"}],"replies":[{"embeddable":true,"href":"https:\/\/www.jens-oerter.de\/new_vis\/jo\/wp-json\/wp\/v2\/comments?post=15399"}],"version-history":[{"count":0,"href":"https:\/\/www.jens-oerter.de\/new_vis\/jo\/wp-json\/wp\/v2\/posts\/15399\/revisions"}],"wp:attachment":[{"href":"https:\/\/www.jens-oerter.de\/new_vis\/jo\/wp-json\/wp\/v2\/media?parent=15399"}],"wp:term":[{"taxonomy":"category","embeddable":true,"href":"https:\/\/www.jens-oerter.de\/new_vis\/jo\/wp-json\/wp\/v2\/categories?post=15399"},{"taxonomy":"post_tag","embeddable":true,"href":"https:\/\/www.jens-oerter.de\/new_vis\/jo\/wp-json\/wp\/v2\/tags?post=15399"}],"curies":[{"name":"wp","href":"https:\/\/api.w.org\/{rel}","templated":true}]}}