{"id":15895,"date":"2020-05-23T21:00:26","date_gmt":"2020-05-23T20:00:26","guid":{"rendered":"https:\/\/www.jens-oerter.de\/new_vis\/jo\/?p=15895"},"modified":"2020-05-23T21:00:26","modified_gmt":"2020-05-23T20:00:26","slug":"2020-03-es-war-einmal-eine-zeit-vor-corona","status":"publish","type":"post","link":"https:\/\/www.jens-oerter.de\/new_vis\/jo\/2020-03-es-war-einmal-eine-zeit-vor-corona\/","title":{"rendered":"2020.03 &#8230; es war einmal &#8211; eine Zeit vor CORONA!"},"content":{"rendered":"<p>Anfang des Jahres fuhren wir wie jedes Jahr zum Skifahren nach Gerti (<a href=\"https:\/\/www.brunnerhof-zillertal.at\/\" target=\"_blank\" rel=\"noopener noreferrer\">Brunnerhof \/ Laimach<\/a>) ins Zillertal. Auch in diesem Jahr war Petrus fast immer auf unserer Seite. Herrlicher Neuschnee und eine Evakuierung aus dem Skilift waren die Highlights der Schlechtwettertage. Sonst wie fast immer sch\u00f6ne k\u00fchlen Temperaturen und Sonnenschein. Auch dieses Jahr hat es wie immer sehr viel Spa\u00df gemacht&#8230;<\/p>\n<p>ngg_shortcode_0_placeholderNoch vor den einschr\u00e4nkenden CORONA Ma\u00dfnahmen in Deutschland f\u00fchren wir von der Siegener Westnetz Firmenskitruppe nach Fiss\/Tirol zum Skilaufen. Die Schneebedinungen waren sehr gut und langsam liebe ich das \u00bbbratsche\u00ab Sulz fahren. Noch in unserem Skiurlaub h\u00f6rten wir von der Zuspitzung der Corona-Lage und der Schlie\u00dfung des Skigebiets Ischgl. Am letzten Tag wurde bekannt gegeben, dass an dem kommenden Wochenende auch alle anderen Skigebiete in \u00d6sterreich geschlossen werden sollten. Auch nach einer 14t\u00e4gigen freiwilligen Quarant\u00e4ne wurde keiner von uns Krank&#8230; Gl\u00fcck gehabt!<\/p>\n<p>Dann kam CORONA und der Lockdown mit seinen weitreichenden Einschr\u00e4nkungen. Die wenigen Aktivit\u00e4ten die man machen konnte beschr\u00e4nken sich weitgehend auf Einkaufen, Sport und zu Hause bleiben.<\/p>\nngg_shortcode_1_placeholder\n","protected":false},"excerpt":{"rendered":"<p>Anfang des Jahres fuhren wir wie jedes Jahr zum Skifahren nach Gerti (Brunnerhof \/ Laimach) ins Zillertal. Auch in diesem Jahr war Petrus fast immer auf unserer Seite. Herrlicher Neuschnee und eine Evakuierung aus dem Skilift waren die Highlights der &hellip; <a href=\"https:\/\/www.jens-oerter.de\/new_vis\/jo\/2020-03-es-war-einmal-eine-zeit-vor-corona\/\">Weiterlesen <span class=\"meta-nav\">&rarr;<\/span><\/a><\/p>\n","protected":false},"author":2,"featured_media":0,"comment_status":"open","ping_status":"open","sticky":false,"template":"","format":"standard","meta":{"ngg_post_thumbnail":0,"footnotes":""},"categories":[5,93],"tags":[90,47,31],"class_list":["post-15895","post","type-post","status-publish","format-standard","hentry","category-news-blog","category-top_cat","tag-mountainbike","tag-mtb","tag-ski"],"aioseo_notices":[],"_links":{"self":[{"href":"https:\/\/www.jens-oerter.de\/new_vis\/jo\/wp-json\/wp\/v2\/posts\/15895","targetHints":{"allow":["GET"]}}],"collection":[{"href":"https:\/\/www.jens-oerter.de\/new_vis\/jo\/wp-json\/wp\/v2\/posts"}],"about":[{"href":"https:\/\/www.jens-oerter.de\/new_vis\/jo\/wp-json\/wp\/v2\/types\/post"}],"author":[{"embeddable":true,"href":"https:\/\/www.jens-oerter.de\/new_vis\/jo\/wp-json\/wp\/v2\/users\/2"}],"replies":[{"embeddable":true,"href":"https:\/\/www.jens-oerter.de\/new_vis\/jo\/wp-json\/wp\/v2\/comments?post=15895"}],"version-history":[{"count":5,"href":"https:\/\/www.jens-oerter.de\/new_vis\/jo\/wp-json\/wp\/v2\/posts\/15895\/revisions"}],"predecessor-version":[{"id":15937,"href":"https:\/\/www.jens-oerter.de\/new_vis\/jo\/wp-json\/wp\/v2\/posts\/15895\/revisions\/15937"}],"wp:attachment":[{"href":"https:\/\/www.jens-oerter.de\/new_vis\/jo\/wp-json\/wp\/v2\/media?parent=15895"}],"wp:term":[{"taxonomy":"category","embeddable":true,"href":"https:\/\/www.jens-oerter.de\/new_vis\/jo\/wp-json\/wp\/v2\/categories?post=15895"},{"taxonomy":"post_tag","embeddable":true,"href":"https:\/\/www.jens-oerter.de\/new_vis\/jo\/wp-json\/wp\/v2\/tags?post=15895"}],"curies":[{"name":"wp","href":"https:\/\/api.w.org\/{rel}","templated":true}]}}