{"id":16265,"date":"2021-01-13T20:14:12","date_gmt":"2021-01-13T19:14:12","guid":{"rendered":"https:\/\/www.jens-oerter.de\/new_vis\/jo\/?p=16265"},"modified":"2021-01-24T14:29:38","modified_gmt":"2021-01-24T13:29:38","slug":"2021-01-zwischen-weihnachten-silvester-und-erster-neujahrswoche","status":"publish","type":"post","link":"https:\/\/www.jens-oerter.de\/new_vis\/jo\/2021-01-zwischen-weihnachten-silvester-und-erster-neujahrswoche\/","title":{"rendered":"2021.01 \u00bb Zwischen Weihnachten, Silvester und erster Neujahrswoche\u00ab"},"content":{"rendered":"<p><a href=\"https:\/\/www.jens-oerter.de\/new_vis\/jo\/wp-content\/uploads\/2021\/01\/20201225_133542.jpg\" rel=\"lightbox[16265]\"><img loading=\"lazy\" decoding=\"async\" class=\"alignleft wp-image-16268 size-thumbnail\" src=\"https:\/\/www.jens-oerter.de\/new_vis\/jo\/wp-content\/uploads\/2021\/01\/20201225_133542-300x225.jpg\" alt=\"\" width=\"300\" height=\"225\" srcset=\"https:\/\/www.jens-oerter.de\/new_vis\/jo\/wp-content\/uploads\/2021\/01\/20201225_133542-300x225.jpg 300w, https:\/\/www.jens-oerter.de\/new_vis\/jo\/wp-content\/uploads\/2021\/01\/20201225_133542-800x600.jpg 800w, https:\/\/www.jens-oerter.de\/new_vis\/jo\/wp-content\/uploads\/2021\/01\/20201225_133542-1024x768.jpg 1024w, https:\/\/www.jens-oerter.de\/new_vis\/jo\/wp-content\/uploads\/2021\/01\/20201225_133542-768x576.jpg 768w, https:\/\/www.jens-oerter.de\/new_vis\/jo\/wp-content\/uploads\/2021\/01\/20201225_133542-400x300.jpg 400w, https:\/\/www.jens-oerter.de\/new_vis\/jo\/wp-content\/uploads\/2021\/01\/20201225_133542.jpg 1440w\" sizes=\"auto, (max-width: 300px) 100vw, 300px\" \/><\/a><\/p>\n<blockquote><p>Weihnachten im Sauerland und langsam wird es auch kalt in Deutschland. Leider schwank die Null-Gard Grenze sehr stark und so bleibt der Schnee nicht \u00fcberall liegen.&nbsp; Am ersten Weihanchtstag konnte ich eine kleine Wanderung im Schnee machen. Eine ~10km Tour von Halberbracht \u00fcber den Kickenberg, die Kuhhelle 603m und den Haferhagen 611m zum Platz \u00bbAn den Linden\u00ab wieder zur\u00fcck nach Halberbracht. Echt Klasse!<\/p><\/blockquote>\n<p>ngg_shortcode_0_placeholderKurz vor Silvester kommt der Schnee wieder zur\u00fcck und hinterl\u00e4sst einen Wintertraum. In den Hochlagen des s\u00fcdlichen Rothaarkamms auf knapp 700m liegen 30 bis 40cm wei\u00dfes Puder. Ideale Verh\u00e4ltnisse f\u00fcr tolle Bike und Wandertouren im Schnee. F\u00fcr Biketouren kommt mein &#8222;altes&#8220; CANYON Nerve ES mit Schwalbe Icespiker zum Einsatz. Leider vereisen beim Fahren des \u00d6fteren einzelne Ritzel, sodass nicht alle G\u00e4nge nutzbar sind.&nbsp;<\/p>\n<p>ngg_shortcode_1_placeholderDa der Borkenk\u00e4fer viele Waldbereiche vernichtet hat, entstehen neue Ausblicke. Im folgenden Panoramabild &#8211; Blick vom Nahlax oberhalb von Niederdielfen. In der Ferne der s\u00fcdliche Rothaarkamm.<\/p>\n<p><a href=\"https:\/\/www.jens-oerter.de\/new_vis\/jo\/wp-content\/uploads\/2021\/01\/202101_winter_pano_06.jpg\" rel=\"lightbox[16265]\"><img loading=\"lazy\" decoding=\"async\" class=\"aligncenter size-medium wp-image-16270\" src=\"https:\/\/www.jens-oerter.de\/new_vis\/jo\/wp-content\/uploads\/2021\/01\/202101_winter_pano_06-800x342.jpg\" alt=\"\" width=\"800\" height=\"342\" srcset=\"https:\/\/www.jens-oerter.de\/new_vis\/jo\/wp-content\/uploads\/2021\/01\/202101_winter_pano_06-800x342.jpg 800w, https:\/\/www.jens-oerter.de\/new_vis\/jo\/wp-content\/uploads\/2021\/01\/202101_winter_pano_06-1024x438.jpg 1024w, https:\/\/www.jens-oerter.de\/new_vis\/jo\/wp-content\/uploads\/2021\/01\/202101_winter_pano_06-300x128.jpg 300w, https:\/\/www.jens-oerter.de\/new_vis\/jo\/wp-content\/uploads\/2021\/01\/202101_winter_pano_06-768x328.jpg 768w, https:\/\/www.jens-oerter.de\/new_vis\/jo\/wp-content\/uploads\/2021\/01\/202101_winter_pano_06-1536x657.jpg 1536w, https:\/\/www.jens-oerter.de\/new_vis\/jo\/wp-content\/uploads\/2021\/01\/202101_winter_pano_06-500x214.jpg 500w, https:\/\/www.jens-oerter.de\/new_vis\/jo\/wp-content\/uploads\/2021\/01\/202101_winter_pano_06.jpg 1920w\" sizes=\"auto, (max-width: 800px) 100vw, 800px\" \/><\/a><\/p>\n<p>Die folgende Gallery aus der Neujahrswoche zeigt Bilder von Niederdielfen, vom Rothaarkamm, sowie Aufnahmen von der Haincherh\u00f6he Richtung Jagdberg.<\/p>\nngg_shortcode_2_placeholder\n<p>&nbsp;<\/p>\n","protected":false},"excerpt":{"rendered":"<p>Weihnachten im Sauerland und langsam wird es auch kalt in Deutschland. Leider schwank die Null-Gard Grenze sehr stark und so bleibt der Schnee nicht \u00fcberall liegen.&nbsp; Am ersten Weihanchtstag konnte ich eine kleine Wanderung im Schnee machen. Eine ~10km Tour &hellip; <a href=\"https:\/\/www.jens-oerter.de\/new_vis\/jo\/2021-01-zwischen-weihnachten-silvester-und-erster-neujahrswoche\/\">Weiterlesen <span class=\"meta-nav\">&rarr;<\/span><\/a><\/p>\n","protected":false},"author":2,"featured_media":16283,"comment_status":"open","ping_status":"open","sticky":false,"template":"","format":"standard","meta":{"ngg_post_thumbnail":0,"footnotes":""},"categories":[5],"tags":[35,90,47,61,207],"class_list":["post-16265","post","type-post","status-publish","format-standard","has-post-thumbnail","hentry","category-news-blog","tag-fotografie","tag-mountainbike","tag-mtb","tag-niederdielfen","tag-winter"],"aioseo_notices":[],"_links":{"self":[{"href":"https:\/\/www.jens-oerter.de\/new_vis\/jo\/wp-json\/wp\/v2\/posts\/16265","targetHints":{"allow":["GET"]}}],"collection":[{"href":"https:\/\/www.jens-oerter.de\/new_vis\/jo\/wp-json\/wp\/v2\/posts"}],"about":[{"href":"https:\/\/www.jens-oerter.de\/new_vis\/jo\/wp-json\/wp\/v2\/types\/post"}],"author":[{"embeddable":true,"href":"https:\/\/www.jens-oerter.de\/new_vis\/jo\/wp-json\/wp\/v2\/users\/2"}],"replies":[{"embeddable":true,"href":"https:\/\/www.jens-oerter.de\/new_vis\/jo\/wp-json\/wp\/v2\/comments?post=16265"}],"version-history":[{"count":18,"href":"https:\/\/www.jens-oerter.de\/new_vis\/jo\/wp-json\/wp\/v2\/posts\/16265\/revisions"}],"predecessor-version":[{"id":16301,"href":"https:\/\/www.jens-oerter.de\/new_vis\/jo\/wp-json\/wp\/v2\/posts\/16265\/revisions\/16301"}],"wp:featuredmedia":[{"embeddable":true,"href":"https:\/\/www.jens-oerter.de\/new_vis\/jo\/wp-json\/wp\/v2\/media\/16283"}],"wp:attachment":[{"href":"https:\/\/www.jens-oerter.de\/new_vis\/jo\/wp-json\/wp\/v2\/media?parent=16265"}],"wp:term":[{"taxonomy":"category","embeddable":true,"href":"https:\/\/www.jens-oerter.de\/new_vis\/jo\/wp-json\/wp\/v2\/categories?post=16265"},{"taxonomy":"post_tag","embeddable":true,"href":"https:\/\/www.jens-oerter.de\/new_vis\/jo\/wp-json\/wp\/v2\/tags?post=16265"}],"curies":[{"name":"wp","href":"https:\/\/api.w.org\/{rel}","templated":true}]}}