{"id":1634,"date":"2011-07-04T20:59:06","date_gmt":"2011-07-04T19:59:06","guid":{"rendered":"http:\/\/www.jens-oerter.de\/new_vis\/jo\/?p=1634"},"modified":"2011-11-16T20:03:05","modified_gmt":"2011-11-16T19:03:05","slug":"2011-07-hochtour-albula-und-bernina-alpen","status":"publish","type":"post","link":"https:\/\/www.jens-oerter.de\/new_vis\/jo\/2011-07-hochtour-albula-und-bernina-alpen\/","title":{"rendered":"2011.07 Hochtour Albula und Bernina Alpen"},"content":{"rendered":"<p>seit dem letzten Versuch den Piz Bernina zu bezwingen ist nun ein Jahr vergangen. <strong>Thomas und ich<\/strong> werden in diesem Jahr noch einmal einen Versuch starten. Los gehts je nach Wetterlage Ende Juli Anfang August. Als Einstiegstour ist der Piz Kesch (PD- im Fels II Gletscherh\u00e4nge 30\u00b0) geplant. Als Unterk\u00fcnfte stehen die <strong>Chamanna d&#8217;Es-cha<\/strong> oder die <strong>Keschh\u00fctte <\/strong>zu Verf\u00fcgung. Dann werden wir nach Pontresina fahren, wo wir \u00fcbers Rosegtal zur<strong> Tschierva H\u00fctte<\/strong> aufsteigen. In der darauffolgenden Nacht gehts fr\u00fch los. Am Fuorla Prievlusa in 3400m die erste Kletterpassage II bis III+ auf den Biancograd. \u00dcber den Piz Bianco 3995m folgt dann die zweite Kletterpassage bis III+ danach der Gipfelaufschwung II zum Piz Bernina 4049m. Entlang am\u00a0 ausgesetzten Spallagrad gehts dann zur <strong>Marco e Rosa H\u00fctte<\/strong>. Bei guten Bedingungen werden wir am n\u00e4chsten Tag Piz Zupo und Argient angehen. F\u00fcr die letzte Etappe ist die Piz Pal\u00fc \u00dcberschreitung gedacht, Abstieg zum Cambrena Eisbruch zur <strong>Diavolezza H\u00fctte<\/strong>.<\/p>\n<p>Hier noch ein aktueller Ausblick von der Diavolezza H\u00fctte &#8211; links Piz Pal\u00fc rechts Piz Bernina<br \/>\nWir hoffen auf eine stabil Hochdruckwetterlage &#8230;<\/p>\n<p><a title=\"www.Diavolezza.ch\" href=\"http:\/\/www.diavolezza.ch\/diavolezza\/wetter\/\" target=\"_blank\"><img loading=\"lazy\" decoding=\"async\" class=\"alignnone\" title=\"Diavolezza H\u00fctte (Bernina Alpen)\" src=\"http:\/\/www.engadin.stmoritz.ch\/_objects\/file\/?id=52090\" alt=\"Webcam\" width=\"320\" height=\"240\" \/><\/a><br \/>\nweitere Infos bei <a title=\"www.diavolezza.ch\/diavolezza\/wetter\/\" href=\"http:\/\/www.diavolezza.ch\/diavolezza\/wetter\/\" target=\"_blank\">www.diavolezza.ch<\/a><\/p>\n","protected":false},"excerpt":{"rendered":"<p>seit dem letzten Versuch den Piz Bernina zu bezwingen ist nun ein Jahr vergangen. Thomas und ich werden in diesem Jahr noch einmal einen Versuch starten. Los gehts je nach Wetterlage Ende Juli Anfang August. Als Einstiegstour ist der Piz &hellip; <a href=\"https:\/\/www.jens-oerter.de\/new_vis\/jo\/2011-07-hochtour-albula-und-bernina-alpen\/\">Weiterlesen <span class=\"meta-nav\">&rarr;<\/span><\/a><\/p>\n","protected":false},"author":2,"featured_media":0,"comment_status":"open","ping_status":"open","sticky":false,"template":"","format":"standard","meta":{"ngg_post_thumbnail":0,"footnotes":""},"categories":[5],"tags":[91,24],"class_list":["post-1634","post","type-post","status-publish","format-standard","hentry","category-news-blog","tag-dav","tag-hochtour"],"aioseo_notices":[],"_links":{"self":[{"href":"https:\/\/www.jens-oerter.de\/new_vis\/jo\/wp-json\/wp\/v2\/posts\/1634","targetHints":{"allow":["GET"]}}],"collection":[{"href":"https:\/\/www.jens-oerter.de\/new_vis\/jo\/wp-json\/wp\/v2\/posts"}],"about":[{"href":"https:\/\/www.jens-oerter.de\/new_vis\/jo\/wp-json\/wp\/v2\/types\/post"}],"author":[{"embeddable":true,"href":"https:\/\/www.jens-oerter.de\/new_vis\/jo\/wp-json\/wp\/v2\/users\/2"}],"replies":[{"embeddable":true,"href":"https:\/\/www.jens-oerter.de\/new_vis\/jo\/wp-json\/wp\/v2\/comments?post=1634"}],"version-history":[{"count":0,"href":"https:\/\/www.jens-oerter.de\/new_vis\/jo\/wp-json\/wp\/v2\/posts\/1634\/revisions"}],"wp:attachment":[{"href":"https:\/\/www.jens-oerter.de\/new_vis\/jo\/wp-json\/wp\/v2\/media?parent=1634"}],"wp:term":[{"taxonomy":"category","embeddable":true,"href":"https:\/\/www.jens-oerter.de\/new_vis\/jo\/wp-json\/wp\/v2\/categories?post=1634"},{"taxonomy":"post_tag","embeddable":true,"href":"https:\/\/www.jens-oerter.de\/new_vis\/jo\/wp-json\/wp\/v2\/tags?post=1634"}],"curies":[{"name":"wp","href":"https:\/\/api.w.org\/{rel}","templated":true}]}}