{"id":2182,"date":"2012-02-26T21:53:24","date_gmt":"2012-02-26T20:53:24","guid":{"rendered":"http:\/\/www.jens-oerter.de\/new_vis\/jo\/?p=2182"},"modified":"2012-02-27T07:51:00","modified_gmt":"2012-02-27T06:51:00","slug":"2012-02-winterbiken","status":"publish","type":"post","link":"https:\/\/www.jens-oerter.de\/new_vis\/jo\/2012-02-winterbiken\/","title":{"rendered":"2012.02 Winterbiken"},"content":{"rendered":"<p>&#8230; auch die Zeit des Winterbiken\u00b4s naht sich dem Ende &#8211; sch\u00f6n w\u00e4re es gewesen &#8211; wenn es noch einmal tollen Schnee bei nicht ganz so arktischer K\u00e4lte g\u00e4b, aber heute gibts nur 2Grad, Nebel, Niesel und tief verschlammte Wege die das Fortkommen stark erschweren. Die noch recht neue Lampe von Sigma (Powerled EVO XL) mit 900 Lumen\u00a0 macht die Nacht zum Tag &#8211; trotz allem muss man sehr aufpassen, das ein oder andere Reh h\u00fcpft dann schon mal recht dicht vorm Bike her &#8211; kollidieren sollte man nicht&#8230;<\/p>\nngg_shortcode_0_placeholder\n","protected":false},"excerpt":{"rendered":"<p>&#8230; auch die Zeit des Winterbiken\u00b4s naht sich dem Ende &#8211; sch\u00f6n w\u00e4re es gewesen &#8211; wenn es noch einmal tollen Schnee bei nicht ganz so arktischer K\u00e4lte g\u00e4b, aber heute gibts nur 2Grad, Nebel, Niesel und tief verschlammte Wege &hellip; <a href=\"https:\/\/www.jens-oerter.de\/new_vis\/jo\/2012-02-winterbiken\/\">Weiterlesen <span class=\"meta-nav\">&rarr;<\/span><\/a><\/p>\n","protected":false},"author":2,"featured_media":0,"comment_status":"open","ping_status":"open","sticky":false,"template":"","format":"standard","meta":{"ngg_post_thumbnail":0,"footnotes":""},"categories":[5],"tags":[26],"class_list":["post-2182","post","type-post","status-publish","format-standard","hentry","category-news-blog","tag-biken"],"aioseo_notices":[],"_links":{"self":[{"href":"https:\/\/www.jens-oerter.de\/new_vis\/jo\/wp-json\/wp\/v2\/posts\/2182","targetHints":{"allow":["GET"]}}],"collection":[{"href":"https:\/\/www.jens-oerter.de\/new_vis\/jo\/wp-json\/wp\/v2\/posts"}],"about":[{"href":"https:\/\/www.jens-oerter.de\/new_vis\/jo\/wp-json\/wp\/v2\/types\/post"}],"author":[{"embeddable":true,"href":"https:\/\/www.jens-oerter.de\/new_vis\/jo\/wp-json\/wp\/v2\/users\/2"}],"replies":[{"embeddable":true,"href":"https:\/\/www.jens-oerter.de\/new_vis\/jo\/wp-json\/wp\/v2\/comments?post=2182"}],"version-history":[{"count":0,"href":"https:\/\/www.jens-oerter.de\/new_vis\/jo\/wp-json\/wp\/v2\/posts\/2182\/revisions"}],"wp:attachment":[{"href":"https:\/\/www.jens-oerter.de\/new_vis\/jo\/wp-json\/wp\/v2\/media?parent=2182"}],"wp:term":[{"taxonomy":"category","embeddable":true,"href":"https:\/\/www.jens-oerter.de\/new_vis\/jo\/wp-json\/wp\/v2\/categories?post=2182"},{"taxonomy":"post_tag","embeddable":true,"href":"https:\/\/www.jens-oerter.de\/new_vis\/jo\/wp-json\/wp\/v2\/tags?post=2182"}],"curies":[{"name":"wp","href":"https:\/\/api.w.org\/{rel}","templated":true}]}}