{"id":2438,"date":"2012-09-18T22:06:38","date_gmt":"2012-09-18T21:06:38","guid":{"rendered":"http:\/\/www.jens-oerter.de\/new_vis\/jo\/?p=2438"},"modified":"2013-07-07T17:17:42","modified_gmt":"2013-07-07T16:17:42","slug":"2012-09-muhlbach-hohe-tauern","status":"publish","type":"post","link":"https:\/\/www.jens-oerter.de\/new_vis\/jo\/2012-09-muhlbach-hohe-tauern\/","title":{"rendered":"2012.09 M\u00fchlbach &#8211; Hohe Tauern (updated! jetzt mit GPS-Tracks)"},"content":{"rendered":"<p><strong>01.09.-09.09.2012 Wanderurlaub in den Hohen Tauern<\/strong><\/p>\n<p>Wie k\u00f6nnte es auch anders sein, auch in diesem Jahr fahren wir in die Hohen Tauern zu unserer obligatorischen Wanderwoche. In der Nacht von Freitag auf Samstag geht es los und so erreichen wir gegen 09:30 den Hintersee (Felberttal). Hier machen wir uns es erst mal gem\u00fctlich und fr\u00fchst\u00fccken! Das Wetter ist ein wenig \u00a0bew\u00f6lkt aber trocken.\u00a0Kurz zu unserem Lieblings <a title=\"http:\/\/www.wanderhotel.at\" href=\"http:\/\/www.wanderhotel.at\" target=\"_blank\">Wanderhotel Kirchner<\/a> und eingecheckt, schon geht es mit einem kleinen lockeren Spaziergang hinauf zur Steineralm. Mit Leberk\u00e4s mit Bratkartoffeln f\u00fcr Jens und einem super leckeren Blaubeerschmarren f\u00fcr mich startet unser Wanderurlaub 2012!<\/p>\n<p><strong>Sonntag 02.09.12<\/strong><\/p>\n<p>Hm leider immer noch bedeckt und es sieht auch ein bisschen nach Regen aus, also entschlie\u00dfen wir uns zu einer etwas \u201eniedrigeren\u201c Tour und schauen uns den Smaragdwanderweg im Habachtal an.<\/p>\n<p>Der\u00a0 2010 er\u00f6ffnete Smaragdweg f\u00fchrt \u00a0leicht ansteigend an der Enzianh\u00fctte (1.313 m) \u00a0und dem Almgasthof Alpenrose (1.384 m) vorbei \u00a0bis zur Moa Alm (1.410 m). Letztere ist leider geschlossen, so dass wir auf eine leckere Buttermilch und ein K\u00e4sebrot verzichten m\u00fcssen. Wir wandern noch weiter ins Tal bis zu einem kleinen See, von dem etwas oberhalb dann der Noitroisteig zur Th\u00fcringer H\u00fctte abzweigt.\u00a0 \u00a0Die Sonne hat sich mittlerweile auch durchgek\u00e4mpft und in der W\u00e4rme sonnen sich einige recht proppere Murmeltiere . Zur\u00fcck f\u00fchrt die Wanderung \u00fcber denselben Weg.<\/p>\nngg_shortcode_0_placeholder\n<p><strong>Montag 03.09.2012<\/strong><\/p>\n<p>Trotz des nebeligen Wetters entschlie\u00dfen wir uns f\u00fcr die Besteigung des Gaissteins, mit 2.363 m einer der h\u00f6chsten Grasberge Europas.\u00a0 Die Tour startet an der B\u00fcrglh\u00fctte, die man \u00fcber eine recht holperige Schotterstra\u00dfe von Stuhlfelden aus erreichen kann. Der Aufstieg verl\u00e4uft unter dem Motto \u201eK\u00fche im Nebel\u201c weil wir nur ungef\u00e4hr die n\u00e4chsten 3m des Weges sehen und die K\u00fche nur h\u00f6ren k\u00f6nnen. Erst an der Murnauer Scharte lichtet sich der Nebel etwas und wir erhaschen einen Blick auf die sch\u00f6ne Landschaft. Als wir den Gipfel fast erreicht haben, gewinnen Sonne und Wind. \u00a0Eine tolle Aussicht bietet sich uns und mit den von B\u00e4chen und kleinen Wasserf\u00e4llen durchzogenen H\u00e4ngen ist es ein bisschen wie in Schottland.<\/p>\n<p>Um nicht den gleichen Weg zur\u00fcck zu gehen, wie viele andere Wanderer, steigen wir \u00fcber die Sintersbachscharte ab.\u00a0 Mittlerweile ist es richtig sch\u00f6n sonnig und wir genie\u00dfen die traumsch\u00f6ne Landschaft. Nach einer deftigen Brettljause in der B\u00fcrglh\u00fctte holpern wir wieder aus dem Tal hinaus.<\/p>\n<div id=\"attachment_2451\" style=\"width: 610px\" class=\"wp-caption aligncenter\"><a href=\"http:\/\/www.jens-oerter.de\/new_vis\/jo\/wp-content\/uploads\/2012\/09\/web_muehlbach2012_bs_gr.jpg\" rel=\"lightbox[2438]\"><img loading=\"lazy\" decoding=\"async\" aria-describedby=\"caption-attachment-2451\" class=\"size-full wp-image-2451 \" title=\"web_muehlbach2012_bs_kl\" alt=\"\" src=\"http:\/\/www.jens-oerter.de\/new_vis\/jo\/wp-content\/uploads\/2012\/09\/web_muehlbach2012_bs_kl.jpg\" width=\"600\" height=\"165\" srcset=\"https:\/\/www.jens-oerter.de\/new_vis\/jo\/wp-content\/uploads\/2012\/09\/web_muehlbach2012_bs_kl.jpg 600w, https:\/\/www.jens-oerter.de\/new_vis\/jo\/wp-content\/uploads\/2012\/09\/web_muehlbach2012_bs_kl-300x82.jpg 300w\" sizes=\"auto, (max-width: 600px) 100vw, 600px\" \/><\/a><p id=\"caption-attachment-2451\" class=\"wp-caption-text\">\u00dcbergang Ober\/Untersulzbachtal &#8222;Bettlerscharte&#8220;<\/p><\/div>\n<p><strong>Dienstag 04.09.2012<\/strong><\/p>\n<p>Also heute soll es aber nun wirklich regnen, hat die Vorhersage gemeint. Was also tun? Im Zweifelsfalle Wildgerlostal und Zittauerh\u00fctte, das ist bei jedem Wetter eine feine Sache.\u00a0Aber auch heute irren sich die Wetterfr\u00f6sche \u00a0im Wesentlichen und an der Zittauerh\u00fctte (2.328 m) genie\u00dfen wir den sch\u00f6nsten Sonnenschein! \u00a0&#8230;<br \/>\n<!--more--><\/p>\n<p>Was soll ich noch gro\u00df \u00fcber diese Wanderung schreiben, es ist nun mal mein Lieblingstal und wir es wohl auch bleiben \u2013 immer sch\u00f6n! Zur Abwechslung kehren wir auf dem R\u00fcckweg noch auf eine Milch in die Trissel Alm ein.<\/p>\n<p><strong>Mittwoch 05.09.2012<\/strong><\/p>\n<p>Heute gehen wir mal getrennte Wege. Angestachelt von den aktuellen Ergebnissen des <a title=\"http:\/\/www.wildkogel-hillclimb.at\/\" href=\"http:\/\/www.wildkogel-hillclimb.at\/\" target=\"_blank\">Wildkogel Hillclimb<\/a> will Jens unbedingt seine Zeit aus 2007 verbessern. Soll er, ich mache es mir einstweilen im Hotel gem\u00fctlich. W\u00e4hrend er also wacker die 12,8km und die 1150Hm angeht, mache ich einen gem\u00fctlich Spaziergang durch die D\u00f6rfer und verkr\u00fcmele mich dann mit meinem Krimi in der Sonneninsel bei Kirchners im Garten. Wenn das keine gute Arbeitsteilung ist, dann wei\u00df ich auch nicht. Jens hat leider die Zeit der Profis knapp verfehlt -:) aber das war ja heute kein Rennen. Mit fast 8kg Rucksack hatte er nur die Endzeit genommen und ist direkt weiter auf den Wildkogel gefahren. Danach gings in einer\u00a0rasanten\u00a0Fahrt zur Baumgartneralm. Mit ordentlich K\u00e4se im Gep\u00e4ck dann nochmal einen kleinen Anstieg hoch bis auf den\u00a0Panorama-weg\u00a0wo er aber nach einigen Kilometern Talausw\u00e4rts wieder auf den schnellen Weg \u00a0Richtung M\u00fchlbach fuhr.<\/p>\n<p><strong>Donnerstag 06.09.2012<\/strong><\/p>\n<p>Also heute soll es aber nun ganz bestimmt regnen, daher verdr\u00fccken wir uns mal flux auf die andere Seite des Felberttauerntunnel und machen uns auf\u00a0 zur <a title=\"http:\/\/www.essener-rostocker-huette.de\" href=\"http:\/\/www.essener-rostocker-huette.de\" target=\"_blank\">Essen Rostocker H\u00fctte<\/a> (2208m).<\/p>\n<p>F\u00fcr eine gute halbe Stunde nieselt das Wetter uns noch an, aber es reicht nicht mal daf\u00fcr die Regenjacke auszupacken. Dann wird es trocken und dann sonnig. Und was soll ich sagen, das Wildgerlostal bekommt doch nun ernsthalt Konkurrenz vom Maurertal! Nach dem Aufstieg durch den Wald entlang des Wasserfalls \u00f6ffnet sich das Tal. Wundersch\u00f6n ist es hier! Nach einem zweiten Anstieg\u00a0 kommen die ersten schneebedeckten Gipfel und Gletscher\u00a0 in Sicht. Schlie\u00dflich erreichen wir die H\u00fctte und g\u00f6nnen uns ein z\u00fcnftige Jause J Lecker! Unsere Mahlzeit ist vor allem besonders interessant f\u00fcr das kleine H\u00fcttenk\u00e4tzchen, die man wirklich gut im Auge behalten muss. Bevor wir dieses so sehr sch\u00f6ne Fleckchen Erde wieder verlassen steigen wir noch ein St\u00fcck h\u00f6her in Richtung\u00a0 Rostocker Eck. Von hier hat man eine tolle Aussicht auf\u00a0 die \u00f6stliche Simonyspitze (3441m), den Gro\u00dfen Geiger (3360 m) und die Dreiherrnspitze (3499 m). Da wir aber heute noch wieder im Hotel ankommen wollen, sind heute keine Gipfelsiege m\u00f6glich aber bestimmt ein anderes Mal!<\/p>\n<p>Noch grade rechtzeitig zum Abendessen sind wir nach dieser phantastischen Tour wieder bei Kirchners.<\/p>\n<p><strong>Freitag 07.09.2012<\/strong><\/p>\n<p>Wetter \u2013 perfekt! Zeit f\u00fcr eine etwas gr\u00f6\u00dfere Aktion: Das Kr\u00f6ndlhorn (2444\u00a0m)!<\/p>\n<p>Wir kombinieren die zwei Aufstiegsvarianten und folgen zun\u00e4chst dem Trattenbach zur Trattenbachalm. Vor hier zweigen wir rechts ab und nehmen den Steig Richtung Rotwand-Hintalalm. Kaum gewinnen wir etwas an H\u00f6he, schon haben wir einen grandiosen Blick auf den Gro\u00dfvenediger. Hinter der Scharte erstreckt sich ein kleines mooriges Gebiet und f\u00fcr eine ganze Weile begleitet uns ein lustiges schmatzendes Ger\u00e4usch, das unsere Schuhe im Morast machen J.\u00a0Nun folgen wir mit einer langen Hangquerung \u00fcber den Almboden auf dem Weg der aus dem Windautal aufw\u00e4rts f\u00fchrt. So sch\u00f6n der Weg auch ist, er zieht sich wie bl\u00f6de! Immer wenn wir meine aber jetzt m\u00fcssen wir doch bald den Rainkarsee erreicht haben, geht es einfach immer noch eine Erhebung weiter! Aber schlie\u00dflich erreichen wir den auf 2134\u00a0m gelegenen Bergsee doch \u2013 hap\u00fch! Jetzt erst mal eine Pause!<\/p>\n<p>Von hier aus f\u00fchrt uns der Weg\u00a0 in s\u00fcdwestlicher Richtung hinauf zum Kr\u00f6ndlberg (2440\u00a0m). Ab hier dann der steile, z.T. seilgesicherte Aufschwung\u00a0 zum etwa 300\u00a0Meter weiter s\u00fcdlich gelegenen Gipfel.\u00a0Geschafft! Und der Lohn ist eine unfassbar grandiose 360\u00b0\u00a0 Aussicht!\u00a0Nach S\u00fcden in den Pinzgau, auf die Reichenspitzgruppe und\u00a0 nat\u00fcrlich die Hohen Tauern mit dem Gro\u00dfvenediger und dem Gro\u00dfen Geiger \u2013 phantastisch!<\/p>\n<p>Auf dem Gipfel steht statt eines Kreuzes eine winzige Kapelle. Eine Tafel erz\u00e4hlt die Geschichte:<\/p>\n<p><em>&#8222;Auf den H\u00f6hen des Kr\u00f6ndl-Hornes wurde im Juli 1893 der Leichnam der 6j\u00e4hrigen Rosina Kaiser aus Wald im Pzg. aufgefunden, die im Oktober 1892 auf r\u00e4tselhafte Weise von der Watschalm verschwunden war. Bartholom\u00e4us P\u00f6ll, Bauer zu Kummern in Westendorf, hat in schwerer Krankheit diese Kapelle verlobt und 1903 errichten lassen. Am 10.August 1904 wurde hier zum 1. Mal das Hl. Messopfer gefeiert. Seither wurde allj\u00e4hrlich bei g\u00fcnstiger Witterung am St. Laurenzitag an dieser St\u00e4tte Berggottesdienst gehalten unter zahlreicher Teilnahme der Alpler und bergfroher Menschen aus dem Pinzgau, Brixental und aller Welt.1955 wurde das im Laufe der Jahre zerfallene Heiligtum &#8222;Maria Trost&#8220; neu und w\u00fcrdiger errichtet und im Sommer 1956 eingeweiht. Unsere liebe Frau breite ihren Schutzmantel aus \u00fcber Berg und Tal, soweit der Blick von dieser H\u00f6he reicht.&#8220;<\/em><\/p>\n<p>Es hilft nichts, wir m\u00fcssen uns losrei\u00dfen und steigen nun wieder in Richtung Trattenbachtal ab. Ich will nicht unn\u00f6tig darauf rumreiten, aber hier ist es einfach nur sch\u00f6n! Schlie\u00dflich erreichen wir wieder die Trattenbachalm und g\u00f6nnen uns eine kleine Erfrischung. Das St\u00fcck durchs \u00a0Trattenbachtal ist zwar noch recht lang, aber l\u00e4ssig zu gehen und so erreichen wir recht z\u00fcgig wieder unser Auto.<br \/>\nWas f\u00fcr\u00a0 eine absolut grandiose Tour (die Anstrengung ist schon so gut wie vergessen).<\/p>\n<p><strong>Samstag 08.09.2012<\/strong><\/p>\n<p>Wetter \u2013 noch immer perfekt!<\/p>\n<p>Weil die Tour von gestern uns doch noch etwas in den Knochen steckt, also vor allem mir, sparen wir uns ein St\u00fcck Weg und g\u00f6nnen uns ein Taxi bis zum Berndlalm.<\/p>\n<p>Von hier aus steigen wir zur Bettlerscharte auf, die die beiden Sulzbacht\u00e4ler verbindet. Der Aufstieg zur Bettler Scharte f\u00fchrt zun\u00e4chst am Fahrweg entlang zur Berndl Hochalm. Dann zweigt ein schmaler\u00a0 Wandersteig ab und f\u00fchrt leicht ansteigend zur Kampriesen Hochalm. Von dort in immer steileren Serpentinen hinauf auf die 2.000 m hohe Bettler Scharte.\u00a0Hier machen wir eine ausgiebige Rast und genie\u00dfen das tolle Panorama.<\/p>\n<p>Etwas unterhalb winkt uns eine kleine Wandergruppe zu, die die Querung vom Untersulzbachtal aus angehen.\u00a0 Als diese dann bei uns vorbeikommen und zum Obersulzbachtal absteigen, traut sich mit einem mal eine Gams aus ihrem Versteck!! Beim Abstieg treffen wir noch Wanderf\u00fchrerin Martina und Begleitung, die an ihrem freien Tag was macht\u00a0 &#8211; nat\u00fcrlich wandern \u00a0J.\u00a0Der Abstieg ist recht lang und im unteren Bereich durch den Wald ein bisschen mit Vorsicht zu genie\u00dfen. Die Restfeuchtigkeit im Schatten macht den mit Tannennadeln und Baumwurzeln durchsetzten Weg recht rutschig.\u00a0 Aber schlie\u00dflich erreichen wir die Finkalm, wo uns K\u00e4sebrote mit musikalischer Untermalung erwarten.<\/p>\n<p>Den Rucksack voll mit Finkalmk\u00e4se und Speck geht es weiter aber nicht bevor wir noch einen Kaffee auf der Stockeralm genommen haben.\u00a0Der Weg durch das Untersulzbachtal zieht sich heute, was aber daran liegt, das die Tatsache dass dies nun die letze Tour ist, die Beine schwer macht.\u00a0Ein letzter Blick zur\u00fcck zum Gro\u00dfvenediger vom Wasserfall aus und wir sind unten am Schiedhof.\u00a0Eine absolut gelungene Tour zum guten Schluss!<\/p>\n<p><strong>Sonntag 09.09.2012<\/strong><\/p>\n<p>Ein letztes Kirchners Fr\u00fchst\u00fcck und\u00a0 dann das Auto gepackt. Wir besuchen noch den Bauernherbstmarkt in Bramberg und verabschieden uns dann schweren Herzens von den Bergen.<\/p>\n<p><strong>Das war\u2019s f\u00fcr dieses Jahr: Wandertour Hohe Tauern 2012 \u2013 Ausblicke, Eindr\u00fccke, Murmeltiere, reichlich Gastfreundschaft und viel Sonne! Bis n\u00e4chstes Jahr!<\/strong><\/p>\n<p><em>GPS Daten aller Touren folgen !<\/em><\/p>\n<p><em><\/em><a title=\"Steineralm\" href=\"http:\/\/www.jens-oerter.de\/new_vis\/jo\/?p=2472\">2012.10.08 Hohe Tauern \u00bbSteineralm\u00ab<\/a><\/p>\n<p><a title=\"Habachtal (Moalm)\" href=\"http:\/\/www.jens-oerter.de\/new_vis\/jo\/?p=2475\">2012.10.02 Hohe Tauern \u00bbHabachtal\u00ab<\/a><\/p>\n<p><a title=\"Gei\u00dfstein\" href=\"http:\/\/www.jens-oerter.de\/new_vis\/jo\/?p=2477\">2012.10.03 Hohe Tauern \u00bbGei\u00dfstein\u00ab<\/a><\/p>\n<p><a title=\"Zittauerh\u00fctte\" href=\"http:\/\/www.jens-oerter.de\/new_vis\/jo\/?p=2479\">2012.10.04 Hohe Tauern \u00bbWildgerlosstal &#8211; Zittauerh\u00fctte\u00ab<\/a><\/p>\n<p><a title=\"Wildkogel Hillclimb and more\" href=\"http:\/\/www.jens-oerter.de\/new_vis\/jo\/?p=2481\">2012.10.05 Hohe Tauern \u00bbWildkogel Hillclimb and more\u00ab<\/a><\/p>\n<p><a title=\"Essen Ro\u00dfstocker H\u00fctte\" href=\"http:\/\/www.jens-oerter.de\/new_vis\/jo\/?p=2483\">2012.10.06 Hohe Tauern \u00bbEssen Rosstocker H\u00fctte\u00ab<\/a><\/p>\n<p><a title=\"Kr\u00f6ndelhorn\" href=\"http:\/\/www.jens-oerter.de\/new_vis\/jo\/?p=2486\">2012.10.07 Hohe Tauern \u00bbKr\u00f6ndelhorn\u00ab<\/a><\/p>\n<p><a title=\"Bettlerscharte\" href=\"http:\/\/www.jens-oerter.de\/new_vis\/jo\/?p=2488\">2012.10.08 Hohe Tauern \u00bbBettlersteig 2189m\u00ab<\/a><\/p>\n","protected":false},"excerpt":{"rendered":"<p>01.09.-09.09.2012 Wanderurlaub in den Hohen Tauern Wie k\u00f6nnte es auch anders sein, auch in diesem Jahr fahren wir in die Hohen Tauern zu unserer obligatorischen Wanderwoche. In der Nacht von Freitag auf Samstag geht es los und so erreichen wir &hellip; <a href=\"https:\/\/www.jens-oerter.de\/new_vis\/jo\/2012-09-muhlbach-hohe-tauern\/\">Weiterlesen <span class=\"meta-nav\">&rarr;<\/span><\/a><\/p>\n","protected":false},"author":2,"featured_media":0,"comment_status":"open","ping_status":"open","sticky":false,"template":"","format":"standard","meta":{"ngg_post_thumbnail":0,"footnotes":""},"categories":[5],"tags":[26,25,45,29,56],"class_list":["post-2438","post","type-post","status-publish","format-standard","hentry","category-news-blog","tag-biken","tag-hohe-tauern","tag-pinzgau","tag-urlaub","tag-wandern-alpen"],"aioseo_notices":[],"_links":{"self":[{"href":"https:\/\/www.jens-oerter.de\/new_vis\/jo\/wp-json\/wp\/v2\/posts\/2438","targetHints":{"allow":["GET"]}}],"collection":[{"href":"https:\/\/www.jens-oerter.de\/new_vis\/jo\/wp-json\/wp\/v2\/posts"}],"about":[{"href":"https:\/\/www.jens-oerter.de\/new_vis\/jo\/wp-json\/wp\/v2\/types\/post"}],"author":[{"embeddable":true,"href":"https:\/\/www.jens-oerter.de\/new_vis\/jo\/wp-json\/wp\/v2\/users\/2"}],"replies":[{"embeddable":true,"href":"https:\/\/www.jens-oerter.de\/new_vis\/jo\/wp-json\/wp\/v2\/comments?post=2438"}],"version-history":[{"count":0,"href":"https:\/\/www.jens-oerter.de\/new_vis\/jo\/wp-json\/wp\/v2\/posts\/2438\/revisions"}],"wp:attachment":[{"href":"https:\/\/www.jens-oerter.de\/new_vis\/jo\/wp-json\/wp\/v2\/media?parent=2438"}],"wp:term":[{"taxonomy":"category","embeddable":true,"href":"https:\/\/www.jens-oerter.de\/new_vis\/jo\/wp-json\/wp\/v2\/categories?post=2438"},{"taxonomy":"post_tag","embeddable":true,"href":"https:\/\/www.jens-oerter.de\/new_vis\/jo\/wp-json\/wp\/v2\/tags?post=2438"}],"curies":[{"name":"wp","href":"https:\/\/api.w.org\/{rel}","templated":true}]}}