{"id":3071,"date":"2014-02-28T22:04:59","date_gmt":"2014-02-28T21:04:59","guid":{"rendered":"http:\/\/www.jens-oerter.de\/new_vis\/jo\/?p=3071"},"modified":"2014-05-11T22:18:15","modified_gmt":"2014-05-11T21:18:15","slug":"2014-02-skitour-rund-um-den-arlberg","status":"publish","type":"post","link":"https:\/\/www.jens-oerter.de\/new_vis\/jo\/2014-02-skitour-rund-um-den-arlberg\/","title":{"rendered":"2014.02 Skitour Rund um den Arlberg"},"content":{"rendered":"<p>Zu F\u00fcnft starten wir unsere diesj\u00e4hrige Firmenskitour. Unser Ziel : Der Ortsteil Nasserein von Sankt Anton am Arlberg. Um 2:00h starten wir und p\u00fcnktlich gegen 8:00h gibt es ein kleines Fr\u00fchst\u00fcck in einem Cafe im Ort. Danach geht\u00b4s bei herrlichem Wetter auf die Piste. Unsere Unterkunft bei Familie Kindl <a title=\"www.haus-kindl.com\" href=\"http:\/\/www.haus-kindl.com\" target=\"_blank\">www.haus-kindl.com<\/a>\u00a0ein Gl\u00fccksgriff im recht \u00fcberf\u00fcllten Sankt Anton. Trotz ergiebigen Schneefalls am Samstag war die Sicht noch recht gut und wir konnten uns auf ein bisschen Tiefschnee fahren am sonnigen Sonntag freuen. Auch am Montag und Dienstag konnten wir bei idealen Bedienungen die Pisten und Off-Pisten nutzen. Sehr gut gefallen haben mir pers\u00f6nlich die Pisten in Lech-Z\u00fcrs und ab 2014 das neu verbundene Skigebiet Warth-Schr\u00f6cken.<\/p>\n<p><!-- default-view.php -->\n<div\n\tclass=\"ngg-galleryoverview default-view\n\t ngg-ajax-pagination-none\t\"\n\tid=\"ngg-gallery-5e8425aaa9fcd7401c5211bac025224d-1\">\n\n\t\t<!-- Thumbnails -->\n\t\t\t\t<div id=\"ngg-image-0\" class=\"ngg-gallery-thumbnail-box\n\t\t\t\t\t\t\t\tngg-4-columns\t\t\t\"\n\t\t\t>\n\t\t\t\t\t\t<div class=\"ngg-gallery-thumbnail\">\n\t\t\t<a href=\"https:\/\/www.jens-oerter.de\/new_vis\/jo\/wp-content\/gallery\/2014-02-arlberg\/201402_ski_arlberg_12.jpg\"\n\t\t\t\ttitle=\"\"\n\t\t\t\tdata-src=\"https:\/\/www.jens-oerter.de\/new_vis\/jo\/wp-content\/gallery\/2014-02-arlberg\/201402_ski_arlberg_12.jpg\"\n\t\t\t\tdata-thumbnail=\"https:\/\/www.jens-oerter.de\/new_vis\/jo\/wp-content\/gallery\/2014-02-arlberg\/thumbs\/thumbs_201402_ski_arlberg_12.jpg\"\n\t\t\t\tdata-image-id=\"1605\"\n\t\t\t\tdata-title=\"201402_ski_arlberg_12\"\n\t\t\t\tdata-description=\"\"\n\t\t\t\tdata-image-slug=\"201402_ski_arlberg_12\"\n\t\t\t\tclass=\"ngg-fancybox\" rel=\"5e8425aaa9fcd7401c5211bac025224d\">\n\t\t\t\t<img\n\t\t\t\t\ttitle=\"201402_ski_arlberg_12\"\n\t\t\t\t\talt=\"201402_ski_arlberg_12\"\n\t\t\t\t\tsrc=\"https:\/\/www.jens-oerter.de\/new_vis\/jo\/wp-content\/gallery\/2014-02-arlberg\/thumbs\/thumbs_201402_ski_arlberg_12.jpg\"\n\t\t\t\t\twidth=\"145\"\n\t\t\t\t\theight=\"96\"\n\t\t\t\t\tstyle=\"max-width:100%;\"\n\t\t\t\t\/>\n\t\t\t<\/a>\n\t\t<\/div>\n\t\t\t\t\t\t\t<\/div>\n\t\t\t\n\t\t\t\t<div id=\"ngg-image-1\" class=\"ngg-gallery-thumbnail-box\n\t\t\t\t\t\t\t\tngg-4-columns\t\t\t\"\n\t\t\t>\n\t\t\t\t\t\t<div class=\"ngg-gallery-thumbnail\">\n\t\t\t<a href=\"https:\/\/www.jens-oerter.de\/new_vis\/jo\/wp-content\/gallery\/2014-02-arlberg\/201402_ski_arlberg_13.jpg\"\n\t\t\t\ttitle=\" \"\n\t\t\t\tdata-src=\"https:\/\/www.jens-oerter.de\/new_vis\/jo\/wp-content\/gallery\/2014-02-arlberg\/201402_ski_arlberg_13.jpg\"\n\t\t\t\tdata-thumbnail=\"https:\/\/www.jens-oerter.de\/new_vis\/jo\/wp-content\/gallery\/2014-02-arlberg\/thumbs\/thumbs_201402_ski_arlberg_13.jpg\"\n\t\t\t\tdata-image-id=\"1606\"\n\t\t\t\tdata-title=\"201402_ski_arlberg_13\"\n\t\t\t\tdata-description=\" \"\n\t\t\t\tdata-image-slug=\"201402_ski_arlberg_13\"\n\t\t\t\tclass=\"ngg-fancybox\" rel=\"5e8425aaa9fcd7401c5211bac025224d\">\n\t\t\t\t<img\n\t\t\t\t\ttitle=\"201402_ski_arlberg_13\"\n\t\t\t\t\talt=\"201402_ski_arlberg_13\"\n\t\t\t\t\tsrc=\"https:\/\/www.jens-oerter.de\/new_vis\/jo\/wp-content\/gallery\/2014-02-arlberg\/thumbs\/thumbs_201402_ski_arlberg_13.jpg\"\n\t\t\t\t\twidth=\"145\"\n\t\t\t\t\theight=\"96\"\n\t\t\t\t\tstyle=\"max-width:100%;\"\n\t\t\t\t\/>\n\t\t\t<\/a>\n\t\t<\/div>\n\t\t\t\t\t\t\t<\/div>\n\t\t\t\n\t\t\t\t<div id=\"ngg-image-2\" class=\"ngg-gallery-thumbnail-box\n\t\t\t\t\t\t\t\tngg-4-columns\t\t\t\"\n\t\t\t>\n\t\t\t\t\t\t<div class=\"ngg-gallery-thumbnail\">\n\t\t\t<a href=\"https:\/\/www.jens-oerter.de\/new_vis\/jo\/wp-content\/gallery\/2014-02-arlberg\/201402_ski_arlberg_14.jpg\"\n\t\t\t\ttitle=\" \"\n\t\t\t\tdata-src=\"https:\/\/www.jens-oerter.de\/new_vis\/jo\/wp-content\/gallery\/2014-02-arlberg\/201402_ski_arlberg_14.jpg\"\n\t\t\t\tdata-thumbnail=\"https:\/\/www.jens-oerter.de\/new_vis\/jo\/wp-content\/gallery\/2014-02-arlberg\/thumbs\/thumbs_201402_ski_arlberg_14.jpg\"\n\t\t\t\tdata-image-id=\"1607\"\n\t\t\t\tdata-title=\"201402_ski_arlberg_14\"\n\t\t\t\tdata-description=\" \"\n\t\t\t\tdata-image-slug=\"201402_ski_arlberg_14\"\n\t\t\t\tclass=\"ngg-fancybox\" rel=\"5e8425aaa9fcd7401c5211bac025224d\">\n\t\t\t\t<img\n\t\t\t\t\ttitle=\"201402_ski_arlberg_14\"\n\t\t\t\t\talt=\"201402_ski_arlberg_14\"\n\t\t\t\t\tsrc=\"https:\/\/www.jens-oerter.de\/new_vis\/jo\/wp-content\/gallery\/2014-02-arlberg\/thumbs\/thumbs_201402_ski_arlberg_14.jpg\"\n\t\t\t\t\twidth=\"145\"\n\t\t\t\t\theight=\"96\"\n\t\t\t\t\tstyle=\"max-width:100%;\"\n\t\t\t\t\/>\n\t\t\t<\/a>\n\t\t<\/div>\n\t\t\t\t\t\t\t<\/div>\n\t\t\t\n\t\t\t\t<div id=\"ngg-image-3\" class=\"ngg-gallery-thumbnail-box\n\t\t\t\t\t\t\t\tngg-4-columns\t\t\t\"\n\t\t\t>\n\t\t\t\t\t\t<div class=\"ngg-gallery-thumbnail\">\n\t\t\t<a href=\"https:\/\/www.jens-oerter.de\/new_vis\/jo\/wp-content\/gallery\/2014-02-arlberg\/201402_ski_arlberg_15.jpg\"\n\t\t\t\ttitle=\" \"\n\t\t\t\tdata-src=\"https:\/\/www.jens-oerter.de\/new_vis\/jo\/wp-content\/gallery\/2014-02-arlberg\/201402_ski_arlberg_15.jpg\"\n\t\t\t\tdata-thumbnail=\"https:\/\/www.jens-oerter.de\/new_vis\/jo\/wp-content\/gallery\/2014-02-arlberg\/thumbs\/thumbs_201402_ski_arlberg_15.jpg\"\n\t\t\t\tdata-image-id=\"1608\"\n\t\t\t\tdata-title=\"201402_ski_arlberg_15\"\n\t\t\t\tdata-description=\" \"\n\t\t\t\tdata-image-slug=\"201402_ski_arlberg_15\"\n\t\t\t\tclass=\"ngg-fancybox\" rel=\"5e8425aaa9fcd7401c5211bac025224d\">\n\t\t\t\t<img\n\t\t\t\t\ttitle=\"201402_ski_arlberg_15\"\n\t\t\t\t\talt=\"201402_ski_arlberg_15\"\n\t\t\t\t\tsrc=\"https:\/\/www.jens-oerter.de\/new_vis\/jo\/wp-content\/gallery\/2014-02-arlberg\/thumbs\/thumbs_201402_ski_arlberg_15.jpg\"\n\t\t\t\t\twidth=\"145\"\n\t\t\t\t\theight=\"96\"\n\t\t\t\t\tstyle=\"max-width:100%;\"\n\t\t\t\t\/>\n\t\t\t<\/a>\n\t\t<\/div>\n\t\t\t\t\t\t\t<\/div>\n\t\t\t\n\t\t\t\t<div id=\"ngg-image-4\" class=\"ngg-gallery-thumbnail-box\n\t\t\t\t\t\t\t\tngg-4-columns\t\t\t\"\n\t\t\t>\n\t\t\t\t\t\t<div class=\"ngg-gallery-thumbnail\">\n\t\t\t<a href=\"https:\/\/www.jens-oerter.de\/new_vis\/jo\/wp-content\/gallery\/2014-02-arlberg\/201402_ski_arlberg_16.jpg\"\n\t\t\t\ttitle=\" \"\n\t\t\t\tdata-src=\"https:\/\/www.jens-oerter.de\/new_vis\/jo\/wp-content\/gallery\/2014-02-arlberg\/201402_ski_arlberg_16.jpg\"\n\t\t\t\tdata-thumbnail=\"https:\/\/www.jens-oerter.de\/new_vis\/jo\/wp-content\/gallery\/2014-02-arlberg\/thumbs\/thumbs_201402_ski_arlberg_16.jpg\"\n\t\t\t\tdata-image-id=\"1609\"\n\t\t\t\tdata-title=\"201402_ski_arlberg_16\"\n\t\t\t\tdata-description=\" \"\n\t\t\t\tdata-image-slug=\"201402_ski_arlberg_16\"\n\t\t\t\tclass=\"ngg-fancybox\" rel=\"5e8425aaa9fcd7401c5211bac025224d\">\n\t\t\t\t<img\n\t\t\t\t\ttitle=\"201402_ski_arlberg_16\"\n\t\t\t\t\talt=\"201402_ski_arlberg_16\"\n\t\t\t\t\tsrc=\"https:\/\/www.jens-oerter.de\/new_vis\/jo\/wp-content\/gallery\/2014-02-arlberg\/thumbs\/thumbs_201402_ski_arlberg_16.jpg\"\n\t\t\t\t\twidth=\"145\"\n\t\t\t\t\theight=\"96\"\n\t\t\t\t\tstyle=\"max-width:100%;\"\n\t\t\t\t\/>\n\t\t\t<\/a>\n\t\t<\/div>\n\t\t\t\t\t\t\t<\/div>\n\t\t\t\n\t\t\t\t<div id=\"ngg-image-5\" class=\"ngg-gallery-thumbnail-box\n\t\t\t\t\t\t\t\tngg-4-columns\t\t\t\"\n\t\t\t>\n\t\t\t\t\t\t<div class=\"ngg-gallery-thumbnail\">\n\t\t\t<a href=\"https:\/\/www.jens-oerter.de\/new_vis\/jo\/wp-content\/gallery\/2014-02-arlberg\/201402_ski_arlberg_17.jpg\"\n\t\t\t\ttitle=\" \"\n\t\t\t\tdata-src=\"https:\/\/www.jens-oerter.de\/new_vis\/jo\/wp-content\/gallery\/2014-02-arlberg\/201402_ski_arlberg_17.jpg\"\n\t\t\t\tdata-thumbnail=\"https:\/\/www.jens-oerter.de\/new_vis\/jo\/wp-content\/gallery\/2014-02-arlberg\/thumbs\/thumbs_201402_ski_arlberg_17.jpg\"\n\t\t\t\tdata-image-id=\"1610\"\n\t\t\t\tdata-title=\"201402_ski_arlberg_17\"\n\t\t\t\tdata-description=\" \"\n\t\t\t\tdata-image-slug=\"201402_ski_arlberg_17\"\n\t\t\t\tclass=\"ngg-fancybox\" rel=\"5e8425aaa9fcd7401c5211bac025224d\">\n\t\t\t\t<img\n\t\t\t\t\ttitle=\"201402_ski_arlberg_17\"\n\t\t\t\t\talt=\"201402_ski_arlberg_17\"\n\t\t\t\t\tsrc=\"https:\/\/www.jens-oerter.de\/new_vis\/jo\/wp-content\/gallery\/2014-02-arlberg\/thumbs\/thumbs_201402_ski_arlberg_17.jpg\"\n\t\t\t\t\twidth=\"141\"\n\t\t\t\t\theight=\"32\"\n\t\t\t\t\tstyle=\"max-width:100%;\"\n\t\t\t\t\/>\n\t\t\t<\/a>\n\t\t<\/div>\n\t\t\t\t\t\t\t<\/div>\n\t\t\t\n\t\t\t\t<div id=\"ngg-image-6\" class=\"ngg-gallery-thumbnail-box\n\t\t\t\t\t\t\t\tngg-4-columns\t\t\t\"\n\t\t\t>\n\t\t\t\t\t\t<div class=\"ngg-gallery-thumbnail\">\n\t\t\t<a href=\"https:\/\/www.jens-oerter.de\/new_vis\/jo\/wp-content\/gallery\/2014-02-arlberg\/201402_ski_arlberg_18.jpg\"\n\t\t\t\ttitle=\" \"\n\t\t\t\tdata-src=\"https:\/\/www.jens-oerter.de\/new_vis\/jo\/wp-content\/gallery\/2014-02-arlberg\/201402_ski_arlberg_18.jpg\"\n\t\t\t\tdata-thumbnail=\"https:\/\/www.jens-oerter.de\/new_vis\/jo\/wp-content\/gallery\/2014-02-arlberg\/thumbs\/thumbs_201402_ski_arlberg_18.jpg\"\n\t\t\t\tdata-image-id=\"1611\"\n\t\t\t\tdata-title=\"201402_ski_arlberg_18\"\n\t\t\t\tdata-description=\" \"\n\t\t\t\tdata-image-slug=\"201402_ski_arlberg_18\"\n\t\t\t\tclass=\"ngg-fancybox\" rel=\"5e8425aaa9fcd7401c5211bac025224d\">\n\t\t\t\t<img\n\t\t\t\t\ttitle=\"201402_ski_arlberg_18\"\n\t\t\t\t\talt=\"201402_ski_arlberg_18\"\n\t\t\t\t\tsrc=\"https:\/\/www.jens-oerter.de\/new_vis\/jo\/wp-content\/gallery\/2014-02-arlberg\/thumbs\/thumbs_201402_ski_arlberg_18.jpg\"\n\t\t\t\t\twidth=\"145\"\n\t\t\t\t\theight=\"96\"\n\t\t\t\t\tstyle=\"max-width:100%;\"\n\t\t\t\t\/>\n\t\t\t<\/a>\n\t\t<\/div>\n\t\t\t\t\t\t\t<\/div>\n\t\t\t\n\t\t\t\t<div id=\"ngg-image-7\" class=\"ngg-gallery-thumbnail-box\n\t\t\t\t\t\t\t\tngg-4-columns\t\t\t\"\n\t\t\t>\n\t\t\t\t\t\t<div class=\"ngg-gallery-thumbnail\">\n\t\t\t<a href=\"https:\/\/www.jens-oerter.de\/new_vis\/jo\/wp-content\/gallery\/2014-02-arlberg\/201402_ski_arlberg_19.jpg\"\n\t\t\t\ttitle=\" \"\n\t\t\t\tdata-src=\"https:\/\/www.jens-oerter.de\/new_vis\/jo\/wp-content\/gallery\/2014-02-arlberg\/201402_ski_arlberg_19.jpg\"\n\t\t\t\tdata-thumbnail=\"https:\/\/www.jens-oerter.de\/new_vis\/jo\/wp-content\/gallery\/2014-02-arlberg\/thumbs\/thumbs_201402_ski_arlberg_19.jpg\"\n\t\t\t\tdata-image-id=\"1612\"\n\t\t\t\tdata-title=\"201402_ski_arlberg_19\"\n\t\t\t\tdata-description=\" \"\n\t\t\t\tdata-image-slug=\"201402_ski_arlberg_19\"\n\t\t\t\tclass=\"ngg-fancybox\" rel=\"5e8425aaa9fcd7401c5211bac025224d\">\n\t\t\t\t<img\n\t\t\t\t\ttitle=\"201402_ski_arlberg_19\"\n\t\t\t\t\talt=\"201402_ski_arlberg_19\"\n\t\t\t\t\tsrc=\"https:\/\/www.jens-oerter.de\/new_vis\/jo\/wp-content\/gallery\/2014-02-arlberg\/thumbs\/thumbs_201402_ski_arlberg_19.jpg\"\n\t\t\t\t\twidth=\"141\"\n\t\t\t\t\theight=\"32\"\n\t\t\t\t\tstyle=\"max-width:100%;\"\n\t\t\t\t\/>\n\t\t\t<\/a>\n\t\t<\/div>\n\t\t\t\t\t\t\t<\/div>\n\t\t\t\n\t\t\t\t<div id=\"ngg-image-8\" class=\"ngg-gallery-thumbnail-box\n\t\t\t\t\t\t\t\tngg-4-columns\t\t\t\"\n\t\t\t>\n\t\t\t\t\t\t<div class=\"ngg-gallery-thumbnail\">\n\t\t\t<a href=\"https:\/\/www.jens-oerter.de\/new_vis\/jo\/wp-content\/gallery\/2014-02-arlberg\/201402_ski_arlberg_20.jpg\"\n\t\t\t\ttitle=\" \"\n\t\t\t\tdata-src=\"https:\/\/www.jens-oerter.de\/new_vis\/jo\/wp-content\/gallery\/2014-02-arlberg\/201402_ski_arlberg_20.jpg\"\n\t\t\t\tdata-thumbnail=\"https:\/\/www.jens-oerter.de\/new_vis\/jo\/wp-content\/gallery\/2014-02-arlberg\/thumbs\/thumbs_201402_ski_arlberg_20.jpg\"\n\t\t\t\tdata-image-id=\"1613\"\n\t\t\t\tdata-title=\"201402_ski_arlberg_20\"\n\t\t\t\tdata-description=\" \"\n\t\t\t\tdata-image-slug=\"201402_ski_arlberg_20\"\n\t\t\t\tclass=\"ngg-fancybox\" rel=\"5e8425aaa9fcd7401c5211bac025224d\">\n\t\t\t\t<img\n\t\t\t\t\ttitle=\"201402_ski_arlberg_20\"\n\t\t\t\t\talt=\"201402_ski_arlberg_20\"\n\t\t\t\t\tsrc=\"https:\/\/www.jens-oerter.de\/new_vis\/jo\/wp-content\/gallery\/2014-02-arlberg\/thumbs\/thumbs_201402_ski_arlberg_20.jpg\"\n\t\t\t\t\twidth=\"145\"\n\t\t\t\t\theight=\"96\"\n\t\t\t\t\tstyle=\"max-width:100%;\"\n\t\t\t\t\/>\n\t\t\t<\/a>\n\t\t<\/div>\n\t\t\t\t\t\t\t<\/div>\n\t\t\t\n\t\t\t\t<div id=\"ngg-image-9\" class=\"ngg-gallery-thumbnail-box\n\t\t\t\t\t\t\t\tngg-4-columns\t\t\t\"\n\t\t\t>\n\t\t\t\t\t\t<div class=\"ngg-gallery-thumbnail\">\n\t\t\t<a href=\"https:\/\/www.jens-oerter.de\/new_vis\/jo\/wp-content\/gallery\/2014-02-arlberg\/201402_ski_arlberg_01.jpg\"\n\t\t\t\ttitle=\"\"\n\t\t\t\tdata-src=\"https:\/\/www.jens-oerter.de\/new_vis\/jo\/wp-content\/gallery\/2014-02-arlberg\/201402_ski_arlberg_01.jpg\"\n\t\t\t\tdata-thumbnail=\"https:\/\/www.jens-oerter.de\/new_vis\/jo\/wp-content\/gallery\/2014-02-arlberg\/thumbs\/thumbs_201402_ski_arlberg_01.jpg\"\n\t\t\t\tdata-image-id=\"1594\"\n\t\t\t\tdata-title=\"201402_ski_arlberg_01\"\n\t\t\t\tdata-description=\"\"\n\t\t\t\tdata-image-slug=\"201402_ski_arlberg_01\"\n\t\t\t\tclass=\"ngg-fancybox\" rel=\"5e8425aaa9fcd7401c5211bac025224d\">\n\t\t\t\t<img\n\t\t\t\t\ttitle=\"201402_ski_arlberg_01\"\n\t\t\t\t\talt=\"201402_ski_arlberg_01\"\n\t\t\t\t\tsrc=\"https:\/\/www.jens-oerter.de\/new_vis\/jo\/wp-content\/gallery\/2014-02-arlberg\/thumbs\/thumbs_201402_ski_arlberg_01.jpg\"\n\t\t\t\t\twidth=\"145\"\n\t\t\t\t\theight=\"96\"\n\t\t\t\t\tstyle=\"max-width:100%;\"\n\t\t\t\t\/>\n\t\t\t<\/a>\n\t\t<\/div>\n\t\t\t\t\t\t\t<\/div>\n\t\t\t\n\t\n\t<br style=\"clear: both\" \/>\n\n\t\t<div class=\"slideshowlink\">\n\t\t<a href='https:\/\/www.jens-oerter.de\/new_vis\/jo\/2014-02-skitour-rund-um-den-arlberg\/nggallery\/slideshow'>[Zeige als Diashow]<\/a>\n\n\t<\/div>\n\t\n\t\t<!-- Pagination -->\n\t\t<div class='ngg-navigation'><span class='current'>1<\/span>\n<a class='page-numbers' data-pageid='2' href='https:\/\/www.jens-oerter.de\/new_vis\/jo\/2014-02-skitour-rund-um-den-arlberg\/nggallery\/page\/2'>2<\/a>\n<span class='ellipsis'>...<\/span>\n<a class='page-numbers' data-pageid='4' href='https:\/\/www.jens-oerter.de\/new_vis\/jo\/2014-02-skitour-rund-um-den-arlberg\/nggallery\/page\/4'>4<\/a>\n<a class='prev' href='https:\/\/www.jens-oerter.de\/new_vis\/jo\/2014-02-skitour-rund-um-den-arlberg\/nggallery\/page\/2' data-pageid=2>&#9658;<\/a><\/div>\t<\/div>\n<\/p>\n","protected":false},"excerpt":{"rendered":"<p>Zu F\u00fcnft starten wir unsere diesj\u00e4hrige Firmenskitour. Unser Ziel : Der Ortsteil Nasserein von Sankt Anton am Arlberg. Um 2:00h starten wir und p\u00fcnktlich gegen 8:00h gibt es ein kleines Fr\u00fchst\u00fcck in einem Cafe im Ort. Danach geht\u00b4s bei herrlichem &hellip; <a href=\"https:\/\/www.jens-oerter.de\/new_vis\/jo\/2014-02-skitour-rund-um-den-arlberg\/\">Weiterlesen <span class=\"meta-nav\">&rarr;<\/span><\/a><\/p>\n","protected":false},"author":2,"featured_media":0,"comment_status":"open","ping_status":"open","sticky":false,"template":"","format":"standard","meta":{"ngg_post_thumbnail":0,"footnotes":""},"categories":[5],"tags":[50,31,36,29,37],"class_list":["post-3071","post","type-post","status-publish","format-standard","hentry","category-news-blog","tag-rwe","tag-ski","tag-st-anton-am-arlberg","tag-urlaub","tag-winterurlaub"],"aioseo_notices":[],"_links":{"self":[{"href":"https:\/\/www.jens-oerter.de\/new_vis\/jo\/wp-json\/wp\/v2\/posts\/3071","targetHints":{"allow":["GET"]}}],"collection":[{"href":"https:\/\/www.jens-oerter.de\/new_vis\/jo\/wp-json\/wp\/v2\/posts"}],"about":[{"href":"https:\/\/www.jens-oerter.de\/new_vis\/jo\/wp-json\/wp\/v2\/types\/post"}],"author":[{"embeddable":true,"href":"https:\/\/www.jens-oerter.de\/new_vis\/jo\/wp-json\/wp\/v2\/users\/2"}],"replies":[{"embeddable":true,"href":"https:\/\/www.jens-oerter.de\/new_vis\/jo\/wp-json\/wp\/v2\/comments?post=3071"}],"version-history":[{"count":0,"href":"https:\/\/www.jens-oerter.de\/new_vis\/jo\/wp-json\/wp\/v2\/posts\/3071\/revisions"}],"wp:attachment":[{"href":"https:\/\/www.jens-oerter.de\/new_vis\/jo\/wp-json\/wp\/v2\/media?parent=3071"}],"wp:term":[{"taxonomy":"category","embeddable":true,"href":"https:\/\/www.jens-oerter.de\/new_vis\/jo\/wp-json\/wp\/v2\/categories?post=3071"},{"taxonomy":"post_tag","embeddable":true,"href":"https:\/\/www.jens-oerter.de\/new_vis\/jo\/wp-json\/wp\/v2\/tags?post=3071"}],"curies":[{"name":"wp","href":"https:\/\/api.w.org\/{rel}","templated":true}]}}