{"id":3081,"date":"2014-03-02T21:06:09","date_gmt":"2014-03-02T20:06:09","guid":{"rendered":"http:\/\/www.jens-oerter.de\/new_vis\/jo\/?p=3081"},"modified":"2014-05-11T19:10:19","modified_gmt":"2014-05-11T18:10:19","slug":"2014-03-update-foto-webcam-niederdielfen-ii","status":"publish","type":"post","link":"https:\/\/www.jens-oerter.de\/new_vis\/jo\/2014-03-update-foto-webcam-niederdielfen-ii\/","title":{"rendered":"2014.03 Update: Foto Webcam Niederdielfen II"},"content":{"rendered":"<p>Am Samstag konnte ich nach erfolgreicher Montage meine Foto Webcam in Betrieb nehmen. Das <strong><a title=\"Niederdielfen Foto Webcam EOS\" href=\"http:\/\/www.jens-oerter.de\/webcam\/joeeos\/\" target=\"_blank\">Projekt Foto Webcam<\/a><\/strong> mit einer <a title=\"Niederdielfen Foto-Webcam EOS\" href=\"http:\/\/www.jens-oerter.de\/webcam\/joeeos\/\" target=\"_blank\">CANON EOS 350D<\/a> konnte nun nach langer Zeit gestartet werden. Die Grundsoftware von Florian Radlherr (<a title=\"www.foto-webcam.eu\" href=\"http:\/\/www.foto-webcam.eu\" target=\"_blank\">www.foto-webcam.eu<\/a>) haben ich schon seit l\u00e4ngerem f\u00fcr die Webcam I (Vivothek IP8332) am laufen. Die Netzwerkanbindung, Stromversorgung und Steuerkabel wurden erst einmal provisorisch verlegt, da der Standort erst einmal getestet werden soll. Die nahe liegenden Fenster wurden mit Florians Datenschutz Funktion schon einmal unkenntlich gemacht.<\/p>\n<p style=\"text-align: right;\"><a title=\"Foto Webcam Niederdielfen\" href=\"http:\/\/www.jens-oerter.de\/new_vis\/jo\/wp-content\/uploads\/2014\/03\/1000fotowebcameos350.jpg\" rel=\"http:\/\/www.jens-oerter.de\/new_vis\/jo\/wp-content\/uploads\/2014\/03\/1000fotowebcameos350.jpg\" rel=\"lightbox[3081]\"><img loading=\"lazy\" decoding=\"async\" class=\"aligncenter  wp-image-3082\" src=\"http:\/\/www.jens-oerter.de\/new_vis\/jo\/wp-content\/uploads\/2014\/03\/600fotowebcameos350.jpg\" alt=\"Foto Webcam EOS 350D\" width=\"600\" height=\"400\" srcset=\"https:\/\/www.jens-oerter.de\/new_vis\/jo\/wp-content\/uploads\/2014\/03\/600fotowebcameos350.jpg 600w, https:\/\/www.jens-oerter.de\/new_vis\/jo\/wp-content\/uploads\/2014\/03\/600fotowebcameos350-300x200.jpg 300w, https:\/\/www.jens-oerter.de\/new_vis\/jo\/wp-content\/uploads\/2014\/03\/600fotowebcameos350-450x300.jpg 450w\" sizes=\"auto, (max-width: 600px) 100vw, 600px\" \/><\/a><\/p>\n<p>Bei den ersten Bilder haben ich folgende Optimierungsm\u00f6glichkeiten festgestellt:<\/p>\n<ul>\n<li><del>Erweitern des Sonnen \/ Wetterschutz durch eine Edelstahhaube<\/del><\/li>\n<li><del>\u00c4nderung der Frontscheibe von Plexiglas nach Echtglas (UV Skylight)<\/del><\/li>\n<li><del>Weitere Optimierung der Software (speziell des capture-Prozesses)<\/del><\/li>\n<li><del>Verbesserung des Autofokus im Nachtbetrieb<\/del><\/li>\n<li>Erh\u00f6hung der maximalen Aufl\u00f6sung (z.Z. wegen Speicherauslastung nur Medium)<\/li>\n<li>Verbesserung der Stabilit\u00e4t des TP3020 Canon Treibers<\/li>\n<li><del>Einbindung der Wetterstation<\/del><\/li>\n<li><del>Gegebenenfalls Ver\u00e4nderung des Blickwinkels wegen extremer Leuchtkraft einer Stra\u00dfenlampe<\/del><\/li>\n<\/ul>\n<p>Wenn der Kamerastandort sowie die Qualit\u00e4t in Ordnung sein sollte werden die Versorgungskabel durch das Rohr verlegt.<\/p>\n<p style=\"text-align: center;\"><a href=\"http:\/\/www.jens-oerter.de\/new_vis\/jo\/wp-content\/uploads\/2014\/03\/201403_joeeos_1.jpg\" rel=\"lightbox[3081]\"><img loading=\"lazy\" decoding=\"async\" class=\"wp-image-3093 alignleft\" src=\"http:\/\/www.jens-oerter.de\/new_vis\/jo\/wp-content\/uploads\/2014\/03\/201403_joeeos_1.jpg\" alt=\"201403_joeeos_1\" width=\"360\" height=\"240\" srcset=\"https:\/\/www.jens-oerter.de\/new_vis\/jo\/wp-content\/uploads\/2014\/03\/201403_joeeos_1.jpg 1000w, https:\/\/www.jens-oerter.de\/new_vis\/jo\/wp-content\/uploads\/2014\/03\/201403_joeeos_1-300x200.jpg 300w, https:\/\/www.jens-oerter.de\/new_vis\/jo\/wp-content\/uploads\/2014\/03\/201403_joeeos_1-800x533.jpg 800w, https:\/\/www.jens-oerter.de\/new_vis\/jo\/wp-content\/uploads\/2014\/03\/201403_joeeos_1-449x300.jpg 449w\" sizes=\"auto, (max-width: 360px) 100vw, 360px\" \/><\/a><\/p>\n<p style=\"text-align: center;\">Austausch der Frontscheibe durch eine UV Skylight Filterplatte. Erweiterung der Abdeckung durch ein Edelstahl Blech. Querst\u00fctze zur Stabilisierung. Temperaturf\u00fchler im Geh\u00e4use.\u00a0<span style=\"text-align: left;\">Anbindung einer Wetterstation\u00a0TFA Dostmann NEXUS inkl. Regensensor, Windrichtung, Windgeschwindigkeit und zwei Temp\/Hydro Sensoren. Die Datenanbindung erfolgt mit USB an der Basisstation. Die Daten werden in Zukunft auf dem RaspberryPI lokal abgelegt und aufbereitet. Danach erfolgt die Integration in das Webcam-Portal.<\/span><\/p>\n<p style=\"text-align: center;\"><a href=\"http:\/\/www.jens-oerter.de\/new_vis\/jo\/wp-content\/uploads\/2014\/03\/201403_joeeos_2.jpg\" rel=\"lightbox[3081]\"><img loading=\"lazy\" decoding=\"async\" class=\"wp-image-3094 alignright\" src=\"http:\/\/www.jens-oerter.de\/new_vis\/jo\/wp-content\/uploads\/2014\/03\/201403_joeeos_2.jpg\" alt=\"201403_joeeos_2\" width=\"360\" height=\"240\" srcset=\"https:\/\/www.jens-oerter.de\/new_vis\/jo\/wp-content\/uploads\/2014\/03\/201403_joeeos_2.jpg 1000w, https:\/\/www.jens-oerter.de\/new_vis\/jo\/wp-content\/uploads\/2014\/03\/201403_joeeos_2-300x200.jpg 300w, https:\/\/www.jens-oerter.de\/new_vis\/jo\/wp-content\/uploads\/2014\/03\/201403_joeeos_2-800x533.jpg 800w, https:\/\/www.jens-oerter.de\/new_vis\/jo\/wp-content\/uploads\/2014\/03\/201403_joeeos_2-449x300.jpg 449w\" sizes=\"auto, (max-width: 360px) 100vw, 360px\" \/><\/a><\/p>\n","protected":false},"excerpt":{"rendered":"<p>Am Samstag konnte ich nach erfolgreicher Montage meine Foto Webcam in Betrieb nehmen. Das Projekt Foto Webcam mit einer CANON EOS 350D konnte nun nach langer Zeit gestartet werden. Die Grundsoftware von Florian Radlherr (www.foto-webcam.eu) haben ich schon seit l\u00e4ngerem &hellip; <a href=\"https:\/\/www.jens-oerter.de\/new_vis\/jo\/2014-03-update-foto-webcam-niederdielfen-ii\/\">Weiterlesen <span class=\"meta-nav\">&rarr;<\/span><\/a><\/p>\n","protected":false},"author":2,"featured_media":0,"comment_status":"open","ping_status":"open","sticky":false,"template":"","format":"standard","meta":{"ngg_post_thumbnail":0,"footnotes":""},"categories":[5],"tags":[],"class_list":["post-3081","post","type-post","status-publish","format-standard","hentry","category-news-blog"],"aioseo_notices":[],"_links":{"self":[{"href":"https:\/\/www.jens-oerter.de\/new_vis\/jo\/wp-json\/wp\/v2\/posts\/3081","targetHints":{"allow":["GET"]}}],"collection":[{"href":"https:\/\/www.jens-oerter.de\/new_vis\/jo\/wp-json\/wp\/v2\/posts"}],"about":[{"href":"https:\/\/www.jens-oerter.de\/new_vis\/jo\/wp-json\/wp\/v2\/types\/post"}],"author":[{"embeddable":true,"href":"https:\/\/www.jens-oerter.de\/new_vis\/jo\/wp-json\/wp\/v2\/users\/2"}],"replies":[{"embeddable":true,"href":"https:\/\/www.jens-oerter.de\/new_vis\/jo\/wp-json\/wp\/v2\/comments?post=3081"}],"version-history":[{"count":0,"href":"https:\/\/www.jens-oerter.de\/new_vis\/jo\/wp-json\/wp\/v2\/posts\/3081\/revisions"}],"wp:attachment":[{"href":"https:\/\/www.jens-oerter.de\/new_vis\/jo\/wp-json\/wp\/v2\/media?parent=3081"}],"wp:term":[{"taxonomy":"category","embeddable":true,"href":"https:\/\/www.jens-oerter.de\/new_vis\/jo\/wp-json\/wp\/v2\/categories?post=3081"},{"taxonomy":"post_tag","embeddable":true,"href":"https:\/\/www.jens-oerter.de\/new_vis\/jo\/wp-json\/wp\/v2\/tags?post=3081"}],"curies":[{"name":"wp","href":"https:\/\/api.w.org\/{rel}","templated":true}]}}