{"id":343,"date":"2009-03-31T21:50:13","date_gmt":"2009-03-31T20:50:13","guid":{"rendered":"http:\/\/www.jens-oerter.de\/new_vis\/jo\/?p=343"},"modified":"2010-05-04T19:29:34","modified_gmt":"2010-05-04T18:29:34","slug":"irlandtour-2009","status":"publish","type":"post","link":"https:\/\/www.jens-oerter.de\/new_vis\/jo\/irlandtour-2009\/","title":{"rendered":"2009.05 Irlandtour"},"content":{"rendered":"<p>&#8230; im Juni 2009 ist es soweit &#8211; es geht wieder f\u00fcr 14 Tage in den S\u00fcden Irlands !<\/p>\n<p>Abflug via Raynair ab Hahn (Hunsr\u00fcck)<\/p>\n<p>Destinations : Youghal, Cork, Baltimore, Bantry, Glengeriff, Killarney, Dingle Town&#8230;<br \/>\nActivities : Sightseeing, Wandern, Biken, Autotouren, Fotografieren und Entspannen!<\/p>\n<p>viele Gr\u00fc\u00dfe<br \/>\nLioba und Jens<\/p>\n<p><img loading=\"lazy\" decoding=\"async\" class=\"size-thumbnail wp-image-131 alignleft\" title=\"img_2036\" src=\"http:\/\/www.jens-oerter.de\/new_vis\/jo\/wp-content\/uploads\/2009\/03\/img_2036-300x225.jpg\" alt=\"img_2036\" width=\"300\" height=\"225\" srcset=\"https:\/\/www.jens-oerter.de\/new_vis\/jo\/wp-content\/uploads\/2009\/03\/img_2036-300x225.jpg 300w, https:\/\/www.jens-oerter.de\/new_vis\/jo\/wp-content\/uploads\/2009\/03\/img_2036-800x600.jpg 800w, https:\/\/www.jens-oerter.de\/new_vis\/jo\/wp-content\/uploads\/2009\/03\/img_2036-1024x768.jpg 1024w, https:\/\/www.jens-oerter.de\/new_vis\/jo\/wp-content\/uploads\/2009\/03\/img_2036.jpg 2048w\" sizes=\"auto, (max-width: 300px) 100vw, 300px\" \/><\/p>\n","protected":false},"excerpt":{"rendered":"<p>&#8230; im Juni 2009 ist es soweit &#8211; es geht wieder f\u00fcr 14 Tage in den S\u00fcden Irlands ! Abflug via Raynair ab Hahn (Hunsr\u00fcck) Destinations : Youghal, Cork, Baltimore, Bantry, Glengeriff, Killarney, Dingle Town&#8230; Activities : Sightseeing, Wandern, Biken, &hellip; <a href=\"https:\/\/www.jens-oerter.de\/new_vis\/jo\/irlandtour-2009\/\">Weiterlesen <span class=\"meta-nav\">&rarr;<\/span><\/a><\/p>\n","protected":false},"author":2,"featured_media":0,"comment_status":"open","ping_status":"open","sticky":false,"template":"","format":"standard","meta":{"ngg_post_thumbnail":0,"footnotes":""},"categories":[5],"tags":[28,29,21],"class_list":["post-343","post","type-post","status-publish","format-standard","hentry","category-news-blog","tag-irland","tag-urlaub","tag-wandern"],"aioseo_notices":[],"_links":{"self":[{"href":"https:\/\/www.jens-oerter.de\/new_vis\/jo\/wp-json\/wp\/v2\/posts\/343","targetHints":{"allow":["GET"]}}],"collection":[{"href":"https:\/\/www.jens-oerter.de\/new_vis\/jo\/wp-json\/wp\/v2\/posts"}],"about":[{"href":"https:\/\/www.jens-oerter.de\/new_vis\/jo\/wp-json\/wp\/v2\/types\/post"}],"author":[{"embeddable":true,"href":"https:\/\/www.jens-oerter.de\/new_vis\/jo\/wp-json\/wp\/v2\/users\/2"}],"replies":[{"embeddable":true,"href":"https:\/\/www.jens-oerter.de\/new_vis\/jo\/wp-json\/wp\/v2\/comments?post=343"}],"version-history":[{"count":0,"href":"https:\/\/www.jens-oerter.de\/new_vis\/jo\/wp-json\/wp\/v2\/posts\/343\/revisions"}],"wp:attachment":[{"href":"https:\/\/www.jens-oerter.de\/new_vis\/jo\/wp-json\/wp\/v2\/media?parent=343"}],"wp:term":[{"taxonomy":"category","embeddable":true,"href":"https:\/\/www.jens-oerter.de\/new_vis\/jo\/wp-json\/wp\/v2\/categories?post=343"},{"taxonomy":"post_tag","embeddable":true,"href":"https:\/\/www.jens-oerter.de\/new_vis\/jo\/wp-json\/wp\/v2\/tags?post=343"}],"curies":[{"name":"wp","href":"https:\/\/api.w.org\/{rel}","templated":true}]}}