{"id":394,"date":"2009-05-17T14:22:46","date_gmt":"2009-05-17T13:22:46","guid":{"rendered":"http:\/\/www.jens-oerter.de\/new_vis\/jo\/?p=394"},"modified":"2010-05-04T19:27:57","modified_gmt":"2010-05-04T18:27:57","slug":"200905-elberskamp","status":"publish","type":"post","link":"https:\/\/www.jens-oerter.de\/new_vis\/jo\/200905-elberskamp\/","title":{"rendered":"2009.05 Elberskamp"},"content":{"rendered":"<p>am 10.05 haben wir (Michael St\u00f6tzel) und ich ein kleines Klettertraining im Steinbruch Elberskamp bei Heggen durchgef\u00fchrt. Nach morgendlichem Fr\u00fchnebel vom Gewitter des Vortags lud ein super sonniger Tag gerade zum Klettern ein.\u00a0 Komisch war nur das wir bis 15:00h ganz alleine waren &#8230;. bestimmt das leckere Muttertagsessen \ud83d\ude42 )<br \/>\nI. Alte S\u00fcdwand &#8222;untere Kette&#8220; ca. 30m\u00a0 3<br \/>\nII. K\u00f6ster ca. 23m\u00a0 4+<br \/>\nIII. Lokomotive ca.\u00a0 23m 5<br \/>\nIV.After Six ca. 20m 6<\/p>\nngg_shortcode_0_placeholder\n<p>&#8230; sorry \u00fcber die schlechte Bildqualit\u00e4t der ersten beiden Bilder &#8211; aber leider haben wir beide unsere Ausr\u00fcstung zuhause gelassen &#8211; \u00c4rgerlich ! Die Farbilder sind 2 Wochen sp\u00e4ter entstanden&#8230;<\/p>\n","protected":false},"excerpt":{"rendered":"<p>am 10.05 haben wir (Michael St\u00f6tzel) und ich ein kleines Klettertraining im Steinbruch Elberskamp bei Heggen durchgef\u00fchrt. Nach morgendlichem Fr\u00fchnebel vom Gewitter des Vortags lud ein super sonniger Tag gerade zum Klettern ein.\u00a0 Komisch war nur das wir bis 15:00h &hellip; <a href=\"https:\/\/www.jens-oerter.de\/new_vis\/jo\/200905-elberskamp\/\">Weiterlesen <span class=\"meta-nav\">&rarr;<\/span><\/a><\/p>\n","protected":false},"author":2,"featured_media":0,"comment_status":"open","ping_status":"open","sticky":false,"template":"","format":"standard","meta":{"ngg_post_thumbnail":0,"footnotes":""},"categories":[5],"tags":[92],"class_list":["post-394","post","type-post","status-publish","format-standard","hentry","category-news-blog","tag-klettern"],"aioseo_notices":[],"_links":{"self":[{"href":"https:\/\/www.jens-oerter.de\/new_vis\/jo\/wp-json\/wp\/v2\/posts\/394","targetHints":{"allow":["GET"]}}],"collection":[{"href":"https:\/\/www.jens-oerter.de\/new_vis\/jo\/wp-json\/wp\/v2\/posts"}],"about":[{"href":"https:\/\/www.jens-oerter.de\/new_vis\/jo\/wp-json\/wp\/v2\/types\/post"}],"author":[{"embeddable":true,"href":"https:\/\/www.jens-oerter.de\/new_vis\/jo\/wp-json\/wp\/v2\/users\/2"}],"replies":[{"embeddable":true,"href":"https:\/\/www.jens-oerter.de\/new_vis\/jo\/wp-json\/wp\/v2\/comments?post=394"}],"version-history":[{"count":0,"href":"https:\/\/www.jens-oerter.de\/new_vis\/jo\/wp-json\/wp\/v2\/posts\/394\/revisions"}],"wp:attachment":[{"href":"https:\/\/www.jens-oerter.de\/new_vis\/jo\/wp-json\/wp\/v2\/media?parent=394"}],"wp:term":[{"taxonomy":"category","embeddable":true,"href":"https:\/\/www.jens-oerter.de\/new_vis\/jo\/wp-json\/wp\/v2\/categories?post=394"},{"taxonomy":"post_tag","embeddable":true,"href":"https:\/\/www.jens-oerter.de\/new_vis\/jo\/wp-json\/wp\/v2\/tags?post=394"}],"curies":[{"name":"wp","href":"https:\/\/api.w.org\/{rel}","templated":true}]}}