{"id":4322,"date":"2015-02-22T21:40:11","date_gmt":"2015-02-22T20:40:11","guid":{"rendered":"http:\/\/www.jens-oerter.de\/new_vis\/jo\/?p=4322"},"modified":"2015-10-04T19:33:31","modified_gmt":"2015-10-04T18:33:31","slug":"2015-02-skitour-zum-arlberg","status":"publish","type":"post","link":"https:\/\/www.jens-oerter.de\/new_vis\/jo\/2015-02-skitour-zum-arlberg\/","title":{"rendered":"2015.02 Skitour zum Arlberg"},"content":{"rendered":"<p>Unsere diesj\u00e4hrige Firmen Skitour f\u00fchrt uns wieder zum Arlberg. \u00dcbernachtet wird im sehr freundlichen\u00a0G\u00e4stehaus <a title=\"St\u00f6cklhof\" href=\"http:\/\/www.stoecklhof.am-arlberg.info\/\" target=\"_blank\">St\u00f6cklhof<\/a> im Ortsteil Pettneu. Mit dem Skibus ist man in k\u00fcrzester Zeit in St.Anton an der Nassereiter Bahn. Leider begr\u00fc\u00dfte uns das Wetter am ersten Tag in seiner bescheidensten Art &#8211; Nebel, Sturm und Eisregen bei -13Grad&#8230;. brrrr &#8230; so wurden wir gezwungen schon gegen halb vier bei bekannten Mooserwirt vorbeizuschauen \ud83d\ude09 Nach einem weiteren halben Tag Schlechtwetter riss es am Nachmittag auf und endlich konnten wir die gut pr\u00e4parierten Pisten genie\u00dfen. In den n\u00e4chsten Tagen war Kaiserwetter angesagt &#8211; ein Traum!<\/p>\n<p><!-- default-view.php -->\n<div\n\tclass=\"ngg-galleryoverview default-view\n\t ngg-ajax-pagination-none\t\"\n\tid=\"ngg-gallery-1c0e4c5ec26d36b03d3ba307f1f989e2-1\">\n\n\t\t<!-- Thumbnails -->\n\t\t\t\t<div id=\"ngg-image-0\" class=\"ngg-gallery-thumbnail-box\n\t\t\t\t\t\t\t\t\t\t\t\"\n\t\t\t>\n\t\t\t\t\t\t<div class=\"ngg-gallery-thumbnail\">\n\t\t\t<a href=\"https:\/\/www.jens-oerter.de\/new_vis\/jo\/wp-content\/gallery\/2015-02-skitour-arlberg\/2015_ski_arlberg_1.jpg\"\n\t\t\t\ttitle=\"\"\n\t\t\t\tdata-src=\"https:\/\/www.jens-oerter.de\/new_vis\/jo\/wp-content\/gallery\/2015-02-skitour-arlberg\/2015_ski_arlberg_1.jpg\"\n\t\t\t\tdata-thumbnail=\"https:\/\/www.jens-oerter.de\/new_vis\/jo\/wp-content\/gallery\/2015-02-skitour-arlberg\/thumbs\/thumbs_2015_ski_arlberg_1.jpg\"\n\t\t\t\tdata-image-id=\"2052\"\n\t\t\t\tdata-title=\"2015_ski_arlberg_1\"\n\t\t\t\tdata-description=\"\"\n\t\t\t\tdata-image-slug=\"2015_ski_arlberg_1\"\n\t\t\t\tclass=\"ngg-fancybox\" rel=\"1c0e4c5ec26d36b03d3ba307f1f989e2\">\n\t\t\t\t<img\n\t\t\t\t\ttitle=\"2015_ski_arlberg_1\"\n\t\t\t\t\talt=\"2015_ski_arlberg_1\"\n\t\t\t\t\tsrc=\"https:\/\/www.jens-oerter.de\/new_vis\/jo\/wp-content\/gallery\/2015-02-skitour-arlberg\/thumbs\/thumbs_2015_ski_arlberg_1.jpg\"\n\t\t\t\t\twidth=\"145\"\n\t\t\t\t\theight=\"53\"\n\t\t\t\t\tstyle=\"max-width:100%;\"\n\t\t\t\t\/>\n\t\t\t<\/a>\n\t\t<\/div>\n\t\t\t\t\t\t\t<\/div>\n\t\t\t\n\t\t\t\t<div id=\"ngg-image-1\" class=\"ngg-gallery-thumbnail-box\n\t\t\t\t\t\t\t\t\t\t\t\"\n\t\t\t>\n\t\t\t\t\t\t<div class=\"ngg-gallery-thumbnail\">\n\t\t\t<a href=\"https:\/\/www.jens-oerter.de\/new_vis\/jo\/wp-content\/gallery\/2015-02-skitour-arlberg\/2015_ski_arlberg_3.jpg\"\n\t\t\t\ttitle=\" \"\n\t\t\t\tdata-src=\"https:\/\/www.jens-oerter.de\/new_vis\/jo\/wp-content\/gallery\/2015-02-skitour-arlberg\/2015_ski_arlberg_3.jpg\"\n\t\t\t\tdata-thumbnail=\"https:\/\/www.jens-oerter.de\/new_vis\/jo\/wp-content\/gallery\/2015-02-skitour-arlberg\/thumbs\/thumbs_2015_ski_arlberg_3.jpg\"\n\t\t\t\tdata-image-id=\"2054\"\n\t\t\t\tdata-title=\"2015_ski_arlberg_3\"\n\t\t\t\tdata-description=\" \"\n\t\t\t\tdata-image-slug=\"2015_ski_arlberg_3\"\n\t\t\t\tclass=\"ngg-fancybox\" rel=\"1c0e4c5ec26d36b03d3ba307f1f989e2\">\n\t\t\t\t<img\n\t\t\t\t\ttitle=\"2015_ski_arlberg_3\"\n\t\t\t\t\talt=\"2015_ski_arlberg_3\"\n\t\t\t\t\tsrc=\"https:\/\/www.jens-oerter.de\/new_vis\/jo\/wp-content\/gallery\/2015-02-skitour-arlberg\/thumbs\/thumbs_2015_ski_arlberg_3.jpg\"\n\t\t\t\t\twidth=\"145\"\n\t\t\t\t\theight=\"97\"\n\t\t\t\t\tstyle=\"max-width:100%;\"\n\t\t\t\t\/>\n\t\t\t<\/a>\n\t\t<\/div>\n\t\t\t\t\t\t\t<\/div>\n\t\t\t\n\t\t\t\t<div id=\"ngg-image-2\" class=\"ngg-gallery-thumbnail-box\n\t\t\t\t\t\t\t\t\t\t\t\"\n\t\t\t>\n\t\t\t\t\t\t<div class=\"ngg-gallery-thumbnail\">\n\t\t\t<a href=\"https:\/\/www.jens-oerter.de\/new_vis\/jo\/wp-content\/gallery\/2015-02-skitour-arlberg\/2015_ski_arlberg_2.jpg\"\n\t\t\t\ttitle=\" \"\n\t\t\t\tdata-src=\"https:\/\/www.jens-oerter.de\/new_vis\/jo\/wp-content\/gallery\/2015-02-skitour-arlberg\/2015_ski_arlberg_2.jpg\"\n\t\t\t\tdata-thumbnail=\"https:\/\/www.jens-oerter.de\/new_vis\/jo\/wp-content\/gallery\/2015-02-skitour-arlberg\/thumbs\/thumbs_2015_ski_arlberg_2.jpg\"\n\t\t\t\tdata-image-id=\"2053\"\n\t\t\t\tdata-title=\"2015_ski_arlberg_2\"\n\t\t\t\tdata-description=\" \"\n\t\t\t\tdata-image-slug=\"2015_ski_arlberg_2\"\n\t\t\t\tclass=\"ngg-fancybox\" rel=\"1c0e4c5ec26d36b03d3ba307f1f989e2\">\n\t\t\t\t<img\n\t\t\t\t\ttitle=\"2015_ski_arlberg_2\"\n\t\t\t\t\talt=\"2015_ski_arlberg_2\"\n\t\t\t\t\tsrc=\"https:\/\/www.jens-oerter.de\/new_vis\/jo\/wp-content\/gallery\/2015-02-skitour-arlberg\/thumbs\/thumbs_2015_ski_arlberg_2.jpg\"\n\t\t\t\t\twidth=\"145\"\n\t\t\t\t\theight=\"57\"\n\t\t\t\t\tstyle=\"max-width:100%;\"\n\t\t\t\t\/>\n\t\t\t<\/a>\n\t\t<\/div>\n\t\t\t\t\t\t\t<\/div>\n\t\t\t\n\t\t\t\t<div id=\"ngg-image-3\" class=\"ngg-gallery-thumbnail-box\n\t\t\t\t\t\t\t\t\t\t\t\"\n\t\t\t>\n\t\t\t\t\t\t<div class=\"ngg-gallery-thumbnail\">\n\t\t\t<a href=\"https:\/\/www.jens-oerter.de\/new_vis\/jo\/wp-content\/gallery\/2015-02-skitour-arlberg\/2015_ski_arlberg_4.jpg\"\n\t\t\t\ttitle=\" \"\n\t\t\t\tdata-src=\"https:\/\/www.jens-oerter.de\/new_vis\/jo\/wp-content\/gallery\/2015-02-skitour-arlberg\/2015_ski_arlberg_4.jpg\"\n\t\t\t\tdata-thumbnail=\"https:\/\/www.jens-oerter.de\/new_vis\/jo\/wp-content\/gallery\/2015-02-skitour-arlberg\/thumbs\/thumbs_2015_ski_arlberg_4.jpg\"\n\t\t\t\tdata-image-id=\"2055\"\n\t\t\t\tdata-title=\"2015_ski_arlberg_4\"\n\t\t\t\tdata-description=\" \"\n\t\t\t\tdata-image-slug=\"2015_ski_arlberg_4\"\n\t\t\t\tclass=\"ngg-fancybox\" rel=\"1c0e4c5ec26d36b03d3ba307f1f989e2\">\n\t\t\t\t<img\n\t\t\t\t\ttitle=\"2015_ski_arlberg_4\"\n\t\t\t\t\talt=\"2015_ski_arlberg_4\"\n\t\t\t\t\tsrc=\"https:\/\/www.jens-oerter.de\/new_vis\/jo\/wp-content\/gallery\/2015-02-skitour-arlberg\/thumbs\/thumbs_2015_ski_arlberg_4.jpg\"\n\t\t\t\t\twidth=\"145\"\n\t\t\t\t\theight=\"101\"\n\t\t\t\t\tstyle=\"max-width:100%;\"\n\t\t\t\t\/>\n\t\t\t<\/a>\n\t\t<\/div>\n\t\t\t\t\t\t\t<\/div>\n\t\t\t\n\t\t\t\t<div id=\"ngg-image-4\" class=\"ngg-gallery-thumbnail-box\n\t\t\t\t\t\t\t\t\t\t\t\"\n\t\t\t>\n\t\t\t\t\t\t<div class=\"ngg-gallery-thumbnail\">\n\t\t\t<a href=\"https:\/\/www.jens-oerter.de\/new_vis\/jo\/wp-content\/gallery\/2015-02-skitour-arlberg\/2015_ski_arlberg_5.jpg\"\n\t\t\t\ttitle=\" \"\n\t\t\t\tdata-src=\"https:\/\/www.jens-oerter.de\/new_vis\/jo\/wp-content\/gallery\/2015-02-skitour-arlberg\/2015_ski_arlberg_5.jpg\"\n\t\t\t\tdata-thumbnail=\"https:\/\/www.jens-oerter.de\/new_vis\/jo\/wp-content\/gallery\/2015-02-skitour-arlberg\/thumbs\/thumbs_2015_ski_arlberg_5.jpg\"\n\t\t\t\tdata-image-id=\"2056\"\n\t\t\t\tdata-title=\"2015_ski_arlberg_5\"\n\t\t\t\tdata-description=\" \"\n\t\t\t\tdata-image-slug=\"2015_ski_arlberg_5\"\n\t\t\t\tclass=\"ngg-fancybox\" rel=\"1c0e4c5ec26d36b03d3ba307f1f989e2\">\n\t\t\t\t<img\n\t\t\t\t\ttitle=\"2015_ski_arlberg_5\"\n\t\t\t\t\talt=\"2015_ski_arlberg_5\"\n\t\t\t\t\tsrc=\"https:\/\/www.jens-oerter.de\/new_vis\/jo\/wp-content\/gallery\/2015-02-skitour-arlberg\/thumbs\/thumbs_2015_ski_arlberg_5.jpg\"\n\t\t\t\t\twidth=\"145\"\n\t\t\t\t\theight=\"97\"\n\t\t\t\t\tstyle=\"max-width:100%;\"\n\t\t\t\t\/>\n\t\t\t<\/a>\n\t\t<\/div>\n\t\t\t\t\t\t\t<\/div>\n\t\t\t\n\t\t\t\t<div id=\"ngg-image-5\" class=\"ngg-gallery-thumbnail-box\n\t\t\t\t\t\t\t\t\t\t\t\"\n\t\t\t>\n\t\t\t\t\t\t<div class=\"ngg-gallery-thumbnail\">\n\t\t\t<a href=\"https:\/\/www.jens-oerter.de\/new_vis\/jo\/wp-content\/gallery\/2015-02-skitour-arlberg\/2015_ski_arlberg_6.jpg\"\n\t\t\t\ttitle=\" \"\n\t\t\t\tdata-src=\"https:\/\/www.jens-oerter.de\/new_vis\/jo\/wp-content\/gallery\/2015-02-skitour-arlberg\/2015_ski_arlberg_6.jpg\"\n\t\t\t\tdata-thumbnail=\"https:\/\/www.jens-oerter.de\/new_vis\/jo\/wp-content\/gallery\/2015-02-skitour-arlberg\/thumbs\/thumbs_2015_ski_arlberg_6.jpg\"\n\t\t\t\tdata-image-id=\"2057\"\n\t\t\t\tdata-title=\"2015_ski_arlberg_6\"\n\t\t\t\tdata-description=\" \"\n\t\t\t\tdata-image-slug=\"2015_ski_arlberg_6\"\n\t\t\t\tclass=\"ngg-fancybox\" rel=\"1c0e4c5ec26d36b03d3ba307f1f989e2\">\n\t\t\t\t<img\n\t\t\t\t\ttitle=\"2015_ski_arlberg_6\"\n\t\t\t\t\talt=\"2015_ski_arlberg_6\"\n\t\t\t\t\tsrc=\"https:\/\/www.jens-oerter.de\/new_vis\/jo\/wp-content\/gallery\/2015-02-skitour-arlberg\/thumbs\/thumbs_2015_ski_arlberg_6.jpg\"\n\t\t\t\t\twidth=\"145\"\n\t\t\t\t\theight=\"97\"\n\t\t\t\t\tstyle=\"max-width:100%;\"\n\t\t\t\t\/>\n\t\t\t<\/a>\n\t\t<\/div>\n\t\t\t\t\t\t\t<\/div>\n\t\t\t\n\t\t\t\t<div id=\"ngg-image-6\" class=\"ngg-gallery-thumbnail-box\n\t\t\t\t\t\t\t\t\t\t\t\"\n\t\t\t>\n\t\t\t\t\t\t<div class=\"ngg-gallery-thumbnail\">\n\t\t\t<a href=\"https:\/\/www.jens-oerter.de\/new_vis\/jo\/wp-content\/gallery\/2015-02-skitour-arlberg\/2015_ski_arlberg_7.jpg\"\n\t\t\t\ttitle=\" \"\n\t\t\t\tdata-src=\"https:\/\/www.jens-oerter.de\/new_vis\/jo\/wp-content\/gallery\/2015-02-skitour-arlberg\/2015_ski_arlberg_7.jpg\"\n\t\t\t\tdata-thumbnail=\"https:\/\/www.jens-oerter.de\/new_vis\/jo\/wp-content\/gallery\/2015-02-skitour-arlberg\/thumbs\/thumbs_2015_ski_arlberg_7.jpg\"\n\t\t\t\tdata-image-id=\"2058\"\n\t\t\t\tdata-title=\"2015_ski_arlberg_7\"\n\t\t\t\tdata-description=\" \"\n\t\t\t\tdata-image-slug=\"2015_ski_arlberg_7\"\n\t\t\t\tclass=\"ngg-fancybox\" rel=\"1c0e4c5ec26d36b03d3ba307f1f989e2\">\n\t\t\t\t<img\n\t\t\t\t\ttitle=\"2015_ski_arlberg_7\"\n\t\t\t\t\talt=\"2015_ski_arlberg_7\"\n\t\t\t\t\tsrc=\"https:\/\/www.jens-oerter.de\/new_vis\/jo\/wp-content\/gallery\/2015-02-skitour-arlberg\/thumbs\/thumbs_2015_ski_arlberg_7.jpg\"\n\t\t\t\t\twidth=\"145\"\n\t\t\t\t\theight=\"97\"\n\t\t\t\t\tstyle=\"max-width:100%;\"\n\t\t\t\t\/>\n\t\t\t<\/a>\n\t\t<\/div>\n\t\t\t\t\t\t\t<\/div>\n\t\t\t\n\t\n\t<br style=\"clear: both\" \/>\n\n\t\t<div class=\"slideshowlink\">\n\t\t<a href='https:\/\/www.jens-oerter.de\/new_vis\/jo\/2015-02-skitour-zum-arlberg\/nggallery\/slideshow'>[Zeige als Diashow]<\/a>\n\n\t<\/div>\n\t\n\t\t<!-- Pagination -->\n\t\t<div class='ngg-clear'><\/div>\t<\/div>\n<\/p>\n","protected":false},"excerpt":{"rendered":"<p>Unsere diesj\u00e4hrige Firmen Skitour f\u00fchrt uns wieder zum Arlberg. \u00dcbernachtet wird im sehr freundlichen\u00a0G\u00e4stehaus St\u00f6cklhof im Ortsteil Pettneu. Mit dem Skibus ist man in k\u00fcrzester Zeit in St.Anton an der Nassereiter Bahn. Leider begr\u00fc\u00dfte uns das Wetter am ersten Tag &hellip; <a href=\"https:\/\/www.jens-oerter.de\/new_vis\/jo\/2015-02-skitour-zum-arlberg\/\">Weiterlesen <span class=\"meta-nav\">&rarr;<\/span><\/a><\/p>\n","protected":false},"author":2,"featured_media":0,"comment_status":"open","ping_status":"open","sticky":false,"template":"","format":"standard","meta":{"ngg_post_thumbnail":0,"footnotes":""},"categories":[5,93],"tags":[31,36],"class_list":["post-4322","post","type-post","status-publish","format-standard","hentry","category-news-blog","category-top_cat","tag-ski","tag-st-anton-am-arlberg"],"aioseo_notices":[],"_links":{"self":[{"href":"https:\/\/www.jens-oerter.de\/new_vis\/jo\/wp-json\/wp\/v2\/posts\/4322","targetHints":{"allow":["GET"]}}],"collection":[{"href":"https:\/\/www.jens-oerter.de\/new_vis\/jo\/wp-json\/wp\/v2\/posts"}],"about":[{"href":"https:\/\/www.jens-oerter.de\/new_vis\/jo\/wp-json\/wp\/v2\/types\/post"}],"author":[{"embeddable":true,"href":"https:\/\/www.jens-oerter.de\/new_vis\/jo\/wp-json\/wp\/v2\/users\/2"}],"replies":[{"embeddable":true,"href":"https:\/\/www.jens-oerter.de\/new_vis\/jo\/wp-json\/wp\/v2\/comments?post=4322"}],"version-history":[{"count":0,"href":"https:\/\/www.jens-oerter.de\/new_vis\/jo\/wp-json\/wp\/v2\/posts\/4322\/revisions"}],"wp:attachment":[{"href":"https:\/\/www.jens-oerter.de\/new_vis\/jo\/wp-json\/wp\/v2\/media?parent=4322"}],"wp:term":[{"taxonomy":"category","embeddable":true,"href":"https:\/\/www.jens-oerter.de\/new_vis\/jo\/wp-json\/wp\/v2\/categories?post=4322"},{"taxonomy":"post_tag","embeddable":true,"href":"https:\/\/www.jens-oerter.de\/new_vis\/jo\/wp-json\/wp\/v2\/tags?post=4322"}],"curies":[{"name":"wp","href":"https:\/\/api.w.org\/{rel}","templated":true}]}}