{"id":6058,"date":"2016-04-27T19:49:27","date_gmt":"2016-04-27T18:49:27","guid":{"rendered":"http:\/\/www.jens-oerter.de\/new_vis\/jo\/?p=6058"},"modified":"2016-04-27T19:49:27","modified_gmt":"2016-04-27T18:49:27","slug":"2016-04-fotoworkshop-mit-michael-breitung-im-nordschwarzwald","status":"publish","type":"post","link":"https:\/\/www.jens-oerter.de\/new_vis\/jo\/2016-04-fotoworkshop-mit-michael-breitung-im-nordschwarzwald\/","title":{"rendered":"2016.04 &#8211; Fotoworkshop mit \u00bbMichael Breitung\u00ab im Nordschwarzwald"},"content":{"rendered":"<p>FotoAm Freitag 21. April nach Feierabend f\u00fchren wir (Zwei Arbeitskollegen und ich) nach Geroldsau in den Nordschwarzwald. Wir hatten uns vor einiger Zeit entschieden bei <a href=\"http:\/\/www.mibreit-photo.com\/\" target=\"_blank\">Michael Breitung<\/a> einen Fotoworkshop zum Thema Langzeitbelichtung an Gew\u00e4ssern und Wasserf\u00e4llen, Focus-Stacking, Komposition und Bildgestaltung zu machen. Am fr\u00fchen Samstag morgen startete unser Workshop am Wanderparkplatz Grobbachtal (Wasserfallweg).<\/p>\nngg_shortcode_0_placeholder\n<p>Schon nach wenigen Metern erreichten wir den Wildbach und wir konnten uns mit samt der Kamera in die Fluten st\u00fcrzen. Scherz bei Seite &#8211; man muss sich schon recht konzentrieren um nicht mit Stativ und Kamera von der Str\u00f6mung erfast zu werden. Dank der mitgebrachten Wathose von Michael, k\u00f6nnten wir einige Fotos auch mitten im Bach machen, was wiederum einen ganz anderen Blick erm\u00f6glichte.<\/p>\n<p><!-- default-view.php -->\n<div\n\tclass=\"ngg-galleryoverview default-view\n\t ngg-ajax-pagination-none\t\"\n\tid=\"ngg-gallery-8b6c178d8e10010a845049c5aa063b59-1\">\n\n\t\t<!-- Thumbnails -->\n\t\t\t\t<div id=\"ngg-image-0\" class=\"ngg-gallery-thumbnail-box\n\t\t\t\t\t\t\t\t\t\t\t\"\n\t\t\t>\n\t\t\t\t\t\t<div class=\"ngg-gallery-thumbnail\">\n\t\t\t<a href=\"https:\/\/www.jens-oerter.de\/new_vis\/jo\/wp-content\/gallery\/2016.04---Fotoworkshop-im-Schwarzwald\/201604_fws-mb_joe_01.jpg\"\n\t\t\t\ttitle=\"\"\n\t\t\t\tdata-src=\"https:\/\/www.jens-oerter.de\/new_vis\/jo\/wp-content\/gallery\/2016.04---Fotoworkshop-im-Schwarzwald\/201604_fws-mb_joe_01.jpg\"\n\t\t\t\tdata-thumbnail=\"https:\/\/www.jens-oerter.de\/new_vis\/jo\/wp-content\/gallery\/2016.04---Fotoworkshop-im-Schwarzwald\/thumbs\/thumbs_201604_fws-mb_joe_01.jpg\"\n\t\t\t\tdata-image-id=\"2632\"\n\t\t\t\tdata-title=\"201604_fws-mb_joe_01\"\n\t\t\t\tdata-description=\"\"\n\t\t\t\tdata-image-slug=\"201604_fws-mb_joe_01\"\n\t\t\t\tclass=\"ngg-fancybox\" rel=\"8b6c178d8e10010a845049c5aa063b59\">\n\t\t\t\t<img\n\t\t\t\t\ttitle=\"201604_fws-mb_joe_01\"\n\t\t\t\t\talt=\"201604_fws-mb_joe_01\"\n\t\t\t\t\tsrc=\"https:\/\/www.jens-oerter.de\/new_vis\/jo\/wp-content\/gallery\/2016.04---Fotoworkshop-im-Schwarzwald\/thumbs\/thumbs_201604_fws-mb_joe_01.jpg\"\n\t\t\t\t\twidth=\"145\"\n\t\t\t\t\theight=\"97\"\n\t\t\t\t\tstyle=\"max-width:100%;\"\n\t\t\t\t\/>\n\t\t\t<\/a>\n\t\t<\/div>\n\t\t\t\t\t\t\t<\/div>\n\t\t\t\n\t\t\t\t<div id=\"ngg-image-1\" class=\"ngg-gallery-thumbnail-box\n\t\t\t\t\t\t\t\t\t\t\t\"\n\t\t\t>\n\t\t\t\t\t\t<div class=\"ngg-gallery-thumbnail\">\n\t\t\t<a href=\"https:\/\/www.jens-oerter.de\/new_vis\/jo\/wp-content\/gallery\/2016.04---Fotoworkshop-im-Schwarzwald\/201604_fws-mb_joe_02.jpg\"\n\t\t\t\ttitle=\"\"\n\t\t\t\tdata-src=\"https:\/\/www.jens-oerter.de\/new_vis\/jo\/wp-content\/gallery\/2016.04---Fotoworkshop-im-Schwarzwald\/201604_fws-mb_joe_02.jpg\"\n\t\t\t\tdata-thumbnail=\"https:\/\/www.jens-oerter.de\/new_vis\/jo\/wp-content\/gallery\/2016.04---Fotoworkshop-im-Schwarzwald\/thumbs\/thumbs_201604_fws-mb_joe_02.jpg\"\n\t\t\t\tdata-image-id=\"2633\"\n\t\t\t\tdata-title=\"201604_fws-mb_joe_02\"\n\t\t\t\tdata-description=\"\"\n\t\t\t\tdata-image-slug=\"201604_fws-mb_joe_02\"\n\t\t\t\tclass=\"ngg-fancybox\" rel=\"8b6c178d8e10010a845049c5aa063b59\">\n\t\t\t\t<img\n\t\t\t\t\ttitle=\"201604_fws-mb_joe_02\"\n\t\t\t\t\talt=\"201604_fws-mb_joe_02\"\n\t\t\t\t\tsrc=\"https:\/\/www.jens-oerter.de\/new_vis\/jo\/wp-content\/gallery\/2016.04---Fotoworkshop-im-Schwarzwald\/thumbs\/thumbs_201604_fws-mb_joe_02.jpg\"\n\t\t\t\t\twidth=\"145\"\n\t\t\t\t\theight=\"97\"\n\t\t\t\t\tstyle=\"max-width:100%;\"\n\t\t\t\t\/>\n\t\t\t<\/a>\n\t\t<\/div>\n\t\t\t\t\t\t\t<\/div>\n\t\t\t\n\t\t\t\t<div id=\"ngg-image-2\" class=\"ngg-gallery-thumbnail-box\n\t\t\t\t\t\t\t\t\t\t\t\"\n\t\t\t>\n\t\t\t\t\t\t<div class=\"ngg-gallery-thumbnail\">\n\t\t\t<a href=\"https:\/\/www.jens-oerter.de\/new_vis\/jo\/wp-content\/gallery\/2016.04---Fotoworkshop-im-Schwarzwald\/201604_fws-mb_joe_03.jpg\"\n\t\t\t\ttitle=\"\"\n\t\t\t\tdata-src=\"https:\/\/www.jens-oerter.de\/new_vis\/jo\/wp-content\/gallery\/2016.04---Fotoworkshop-im-Schwarzwald\/201604_fws-mb_joe_03.jpg\"\n\t\t\t\tdata-thumbnail=\"https:\/\/www.jens-oerter.de\/new_vis\/jo\/wp-content\/gallery\/2016.04---Fotoworkshop-im-Schwarzwald\/thumbs\/thumbs_201604_fws-mb_joe_03.jpg\"\n\t\t\t\tdata-image-id=\"2634\"\n\t\t\t\tdata-title=\"201604_fws-mb_joe_03\"\n\t\t\t\tdata-description=\"\"\n\t\t\t\tdata-image-slug=\"201604_fws-mb_joe_03\"\n\t\t\t\tclass=\"ngg-fancybox\" rel=\"8b6c178d8e10010a845049c5aa063b59\">\n\t\t\t\t<img\n\t\t\t\t\ttitle=\"201604_fws-mb_joe_03\"\n\t\t\t\t\talt=\"201604_fws-mb_joe_03\"\n\t\t\t\t\tsrc=\"https:\/\/www.jens-oerter.de\/new_vis\/jo\/wp-content\/gallery\/2016.04---Fotoworkshop-im-Schwarzwald\/thumbs\/thumbs_201604_fws-mb_joe_03.jpg\"\n\t\t\t\t\twidth=\"97\"\n\t\t\t\t\theight=\"145\"\n\t\t\t\t\tstyle=\"max-width:100%;\"\n\t\t\t\t\/>\n\t\t\t<\/a>\n\t\t<\/div>\n\t\t\t\t\t\t\t<\/div>\n\t\t\t\n\t\t\t\t<div id=\"ngg-image-3\" class=\"ngg-gallery-thumbnail-box\n\t\t\t\t\t\t\t\t\t\t\t\"\n\t\t\t>\n\t\t\t\t\t\t<div class=\"ngg-gallery-thumbnail\">\n\t\t\t<a href=\"https:\/\/www.jens-oerter.de\/new_vis\/jo\/wp-content\/gallery\/2016.04---Fotoworkshop-im-Schwarzwald\/201604_fws-mb_joe_04.jpg\"\n\t\t\t\ttitle=\"\"\n\t\t\t\tdata-src=\"https:\/\/www.jens-oerter.de\/new_vis\/jo\/wp-content\/gallery\/2016.04---Fotoworkshop-im-Schwarzwald\/201604_fws-mb_joe_04.jpg\"\n\t\t\t\tdata-thumbnail=\"https:\/\/www.jens-oerter.de\/new_vis\/jo\/wp-content\/gallery\/2016.04---Fotoworkshop-im-Schwarzwald\/thumbs\/thumbs_201604_fws-mb_joe_04.jpg\"\n\t\t\t\tdata-image-id=\"2635\"\n\t\t\t\tdata-title=\"201604_fws-mb_joe_04\"\n\t\t\t\tdata-description=\"\"\n\t\t\t\tdata-image-slug=\"201604_fws-mb_joe_04\"\n\t\t\t\tclass=\"ngg-fancybox\" rel=\"8b6c178d8e10010a845049c5aa063b59\">\n\t\t\t\t<img\n\t\t\t\t\ttitle=\"201604_fws-mb_joe_04\"\n\t\t\t\t\talt=\"201604_fws-mb_joe_04\"\n\t\t\t\t\tsrc=\"https:\/\/www.jens-oerter.de\/new_vis\/jo\/wp-content\/gallery\/2016.04---Fotoworkshop-im-Schwarzwald\/thumbs\/thumbs_201604_fws-mb_joe_04.jpg\"\n\t\t\t\t\twidth=\"145\"\n\t\t\t\t\theight=\"97\"\n\t\t\t\t\tstyle=\"max-width:100%;\"\n\t\t\t\t\/>\n\t\t\t<\/a>\n\t\t<\/div>\n\t\t\t\t\t\t\t<\/div>\n\t\t\t\n\t\t\t\t<div id=\"ngg-image-4\" class=\"ngg-gallery-thumbnail-box\n\t\t\t\t\t\t\t\t\t\t\t\"\n\t\t\t>\n\t\t\t\t\t\t<div class=\"ngg-gallery-thumbnail\">\n\t\t\t<a href=\"https:\/\/www.jens-oerter.de\/new_vis\/jo\/wp-content\/gallery\/2016.04---Fotoworkshop-im-Schwarzwald\/201604_fws-mb_joe_06.jpg\"\n\t\t\t\ttitle=\"\"\n\t\t\t\tdata-src=\"https:\/\/www.jens-oerter.de\/new_vis\/jo\/wp-content\/gallery\/2016.04---Fotoworkshop-im-Schwarzwald\/201604_fws-mb_joe_06.jpg\"\n\t\t\t\tdata-thumbnail=\"https:\/\/www.jens-oerter.de\/new_vis\/jo\/wp-content\/gallery\/2016.04---Fotoworkshop-im-Schwarzwald\/thumbs\/thumbs_201604_fws-mb_joe_06.jpg\"\n\t\t\t\tdata-image-id=\"2637\"\n\t\t\t\tdata-title=\"201604_fws-mb_joe_06\"\n\t\t\t\tdata-description=\"\"\n\t\t\t\tdata-image-slug=\"201604_fws-mb_joe_06\"\n\t\t\t\tclass=\"ngg-fancybox\" rel=\"8b6c178d8e10010a845049c5aa063b59\">\n\t\t\t\t<img\n\t\t\t\t\ttitle=\"201604_fws-mb_joe_06\"\n\t\t\t\t\talt=\"201604_fws-mb_joe_06\"\n\t\t\t\t\tsrc=\"https:\/\/www.jens-oerter.de\/new_vis\/jo\/wp-content\/gallery\/2016.04---Fotoworkshop-im-Schwarzwald\/thumbs\/thumbs_201604_fws-mb_joe_06.jpg\"\n\t\t\t\t\twidth=\"145\"\n\t\t\t\t\theight=\"91\"\n\t\t\t\t\tstyle=\"max-width:100%;\"\n\t\t\t\t\/>\n\t\t\t<\/a>\n\t\t<\/div>\n\t\t\t\t\t\t\t<\/div>\n\t\t\t\n\t\t\t\t<div id=\"ngg-image-5\" class=\"ngg-gallery-thumbnail-box\n\t\t\t\t\t\t\t\t\t\t\t\"\n\t\t\t>\n\t\t\t\t\t\t<div class=\"ngg-gallery-thumbnail\">\n\t\t\t<a href=\"https:\/\/www.jens-oerter.de\/new_vis\/jo\/wp-content\/gallery\/2016.04---Fotoworkshop-im-Schwarzwald\/201604_fws-mb_joe_08.jpg\"\n\t\t\t\ttitle=\"\"\n\t\t\t\tdata-src=\"https:\/\/www.jens-oerter.de\/new_vis\/jo\/wp-content\/gallery\/2016.04---Fotoworkshop-im-Schwarzwald\/201604_fws-mb_joe_08.jpg\"\n\t\t\t\tdata-thumbnail=\"https:\/\/www.jens-oerter.de\/new_vis\/jo\/wp-content\/gallery\/2016.04---Fotoworkshop-im-Schwarzwald\/thumbs\/thumbs_201604_fws-mb_joe_08.jpg\"\n\t\t\t\tdata-image-id=\"2639\"\n\t\t\t\tdata-title=\"201604_fws-mb_joe_08\"\n\t\t\t\tdata-description=\"\"\n\t\t\t\tdata-image-slug=\"201604_fws-mb_joe_08\"\n\t\t\t\tclass=\"ngg-fancybox\" rel=\"8b6c178d8e10010a845049c5aa063b59\">\n\t\t\t\t<img\n\t\t\t\t\ttitle=\"201604_fws-mb_joe_08\"\n\t\t\t\t\talt=\"201604_fws-mb_joe_08\"\n\t\t\t\t\tsrc=\"https:\/\/www.jens-oerter.de\/new_vis\/jo\/wp-content\/gallery\/2016.04---Fotoworkshop-im-Schwarzwald\/thumbs\/thumbs_201604_fws-mb_joe_08.jpg\"\n\t\t\t\t\twidth=\"145\"\n\t\t\t\t\theight=\"97\"\n\t\t\t\t\tstyle=\"max-width:100%;\"\n\t\t\t\t\/>\n\t\t\t<\/a>\n\t\t<\/div>\n\t\t\t\t\t\t\t<\/div>\n\t\t\t\n\t\t\t\t<div id=\"ngg-image-6\" class=\"ngg-gallery-thumbnail-box\n\t\t\t\t\t\t\t\t\t\t\t\"\n\t\t\t>\n\t\t\t\t\t\t<div class=\"ngg-gallery-thumbnail\">\n\t\t\t<a href=\"https:\/\/www.jens-oerter.de\/new_vis\/jo\/wp-content\/gallery\/2016.04---Fotoworkshop-im-Schwarzwald\/201604_fws-mb_joe_10.jpg\"\n\t\t\t\ttitle=\"\"\n\t\t\t\tdata-src=\"https:\/\/www.jens-oerter.de\/new_vis\/jo\/wp-content\/gallery\/2016.04---Fotoworkshop-im-Schwarzwald\/201604_fws-mb_joe_10.jpg\"\n\t\t\t\tdata-thumbnail=\"https:\/\/www.jens-oerter.de\/new_vis\/jo\/wp-content\/gallery\/2016.04---Fotoworkshop-im-Schwarzwald\/thumbs\/thumbs_201604_fws-mb_joe_10.jpg\"\n\t\t\t\tdata-image-id=\"2641\"\n\t\t\t\tdata-title=\"201604_fws-mb_joe_10\"\n\t\t\t\tdata-description=\"\"\n\t\t\t\tdata-image-slug=\"201604_fws-mb_joe_10\"\n\t\t\t\tclass=\"ngg-fancybox\" rel=\"8b6c178d8e10010a845049c5aa063b59\">\n\t\t\t\t<img\n\t\t\t\t\ttitle=\"201604_fws-mb_joe_10\"\n\t\t\t\t\talt=\"201604_fws-mb_joe_10\"\n\t\t\t\t\tsrc=\"https:\/\/www.jens-oerter.de\/new_vis\/jo\/wp-content\/gallery\/2016.04---Fotoworkshop-im-Schwarzwald\/thumbs\/thumbs_201604_fws-mb_joe_10.jpg\"\n\t\t\t\t\twidth=\"145\"\n\t\t\t\t\theight=\"81\"\n\t\t\t\t\tstyle=\"max-width:100%;\"\n\t\t\t\t\/>\n\t\t\t<\/a>\n\t\t<\/div>\n\t\t\t\t\t\t\t<\/div>\n\t\t\t\n\t\t\t\t<div id=\"ngg-image-7\" class=\"ngg-gallery-thumbnail-box\n\t\t\t\t\t\t\t\t\t\t\t\"\n\t\t\t>\n\t\t\t\t\t\t<div class=\"ngg-gallery-thumbnail\">\n\t\t\t<a href=\"https:\/\/www.jens-oerter.de\/new_vis\/jo\/wp-content\/gallery\/2016.04---Fotoworkshop-im-Schwarzwald\/201604_fws-mb_joe_11.jpg\"\n\t\t\t\ttitle=\"\"\n\t\t\t\tdata-src=\"https:\/\/www.jens-oerter.de\/new_vis\/jo\/wp-content\/gallery\/2016.04---Fotoworkshop-im-Schwarzwald\/201604_fws-mb_joe_11.jpg\"\n\t\t\t\tdata-thumbnail=\"https:\/\/www.jens-oerter.de\/new_vis\/jo\/wp-content\/gallery\/2016.04---Fotoworkshop-im-Schwarzwald\/thumbs\/thumbs_201604_fws-mb_joe_11.jpg\"\n\t\t\t\tdata-image-id=\"2642\"\n\t\t\t\tdata-title=\"201604_fws-mb_joe_11\"\n\t\t\t\tdata-description=\"\"\n\t\t\t\tdata-image-slug=\"201604_fws-mb_joe_11\"\n\t\t\t\tclass=\"ngg-fancybox\" rel=\"8b6c178d8e10010a845049c5aa063b59\">\n\t\t\t\t<img\n\t\t\t\t\ttitle=\"201604_fws-mb_joe_11\"\n\t\t\t\t\talt=\"201604_fws-mb_joe_11\"\n\t\t\t\t\tsrc=\"https:\/\/www.jens-oerter.de\/new_vis\/jo\/wp-content\/gallery\/2016.04---Fotoworkshop-im-Schwarzwald\/thumbs\/thumbs_201604_fws-mb_joe_11.jpg\"\n\t\t\t\t\twidth=\"145\"\n\t\t\t\t\theight=\"97\"\n\t\t\t\t\tstyle=\"max-width:100%;\"\n\t\t\t\t\/>\n\t\t\t<\/a>\n\t\t<\/div>\n\t\t\t\t\t\t\t<\/div>\n\t\t\t\n\t\t\t\t<div id=\"ngg-image-8\" class=\"ngg-gallery-thumbnail-box\n\t\t\t\t\t\t\t\t\t\t\t\"\n\t\t\t>\n\t\t\t\t\t\t<div class=\"ngg-gallery-thumbnail\">\n\t\t\t<a href=\"https:\/\/www.jens-oerter.de\/new_vis\/jo\/wp-content\/gallery\/2016.04---Fotoworkshop-im-Schwarzwald\/201604_fws-mb_joe_13.jpg\"\n\t\t\t\ttitle=\"\"\n\t\t\t\tdata-src=\"https:\/\/www.jens-oerter.de\/new_vis\/jo\/wp-content\/gallery\/2016.04---Fotoworkshop-im-Schwarzwald\/201604_fws-mb_joe_13.jpg\"\n\t\t\t\tdata-thumbnail=\"https:\/\/www.jens-oerter.de\/new_vis\/jo\/wp-content\/gallery\/2016.04---Fotoworkshop-im-Schwarzwald\/thumbs\/thumbs_201604_fws-mb_joe_13.jpg\"\n\t\t\t\tdata-image-id=\"2644\"\n\t\t\t\tdata-title=\"201604_fws-mb_joe_13\"\n\t\t\t\tdata-description=\"\"\n\t\t\t\tdata-image-slug=\"201604_fws-mb_joe_13\"\n\t\t\t\tclass=\"ngg-fancybox\" rel=\"8b6c178d8e10010a845049c5aa063b59\">\n\t\t\t\t<img\n\t\t\t\t\ttitle=\"201604_fws-mb_joe_13\"\n\t\t\t\t\talt=\"201604_fws-mb_joe_13\"\n\t\t\t\t\tsrc=\"https:\/\/www.jens-oerter.de\/new_vis\/jo\/wp-content\/gallery\/2016.04---Fotoworkshop-im-Schwarzwald\/thumbs\/thumbs_201604_fws-mb_joe_13.jpg\"\n\t\t\t\t\twidth=\"145\"\n\t\t\t\t\theight=\"97\"\n\t\t\t\t\tstyle=\"max-width:100%;\"\n\t\t\t\t\/>\n\t\t\t<\/a>\n\t\t<\/div>\n\t\t\t\t\t\t\t<\/div>\n\t\t\t\n\t\t\t\t<div id=\"ngg-image-9\" class=\"ngg-gallery-thumbnail-box\n\t\t\t\t\t\t\t\t\t\t\t\"\n\t\t\t>\n\t\t\t\t\t\t<div class=\"ngg-gallery-thumbnail\">\n\t\t\t<a href=\"https:\/\/www.jens-oerter.de\/new_vis\/jo\/wp-content\/gallery\/2016.04---Fotoworkshop-im-Schwarzwald\/201604_fws-mb_joe_14.jpg\"\n\t\t\t\ttitle=\"\"\n\t\t\t\tdata-src=\"https:\/\/www.jens-oerter.de\/new_vis\/jo\/wp-content\/gallery\/2016.04---Fotoworkshop-im-Schwarzwald\/201604_fws-mb_joe_14.jpg\"\n\t\t\t\tdata-thumbnail=\"https:\/\/www.jens-oerter.de\/new_vis\/jo\/wp-content\/gallery\/2016.04---Fotoworkshop-im-Schwarzwald\/thumbs\/thumbs_201604_fws-mb_joe_14.jpg\"\n\t\t\t\tdata-image-id=\"2645\"\n\t\t\t\tdata-title=\"201604_fws-mb_joe_14\"\n\t\t\t\tdata-description=\"\"\n\t\t\t\tdata-image-slug=\"201604_fws-mb_joe_14\"\n\t\t\t\tclass=\"ngg-fancybox\" rel=\"8b6c178d8e10010a845049c5aa063b59\">\n\t\t\t\t<img\n\t\t\t\t\ttitle=\"201604_fws-mb_joe_14\"\n\t\t\t\t\talt=\"201604_fws-mb_joe_14\"\n\t\t\t\t\tsrc=\"https:\/\/www.jens-oerter.de\/new_vis\/jo\/wp-content\/gallery\/2016.04---Fotoworkshop-im-Schwarzwald\/thumbs\/thumbs_201604_fws-mb_joe_14.jpg\"\n\t\t\t\t\twidth=\"145\"\n\t\t\t\t\theight=\"97\"\n\t\t\t\t\tstyle=\"max-width:100%;\"\n\t\t\t\t\/>\n\t\t\t<\/a>\n\t\t<\/div>\n\t\t\t\t\t\t\t<\/div>\n\t\t\t\n\t\n\t<br style=\"clear: both\" \/>\n\n\t\t<div class=\"slideshowlink\">\n\t\t<a href='https:\/\/www.jens-oerter.de\/new_vis\/jo\/2016-04-fotoworkshop-mit-michael-breitung-im-nordschwarzwald\/nggallery\/slideshow'>[Zeige als Diashow]<\/a>\n\n\t<\/div>\n\t\n\t\t<!-- Pagination -->\n\t\t<div class='ngg-clear'><\/div>\t<\/div>\n<\/p>\n<p><!--more--><\/p>\n<p>Nach einer Stunde fing es dann wie von <a href=\"http:\/\/www.yr.no\" target=\"_blank\">yr.no<\/a> vorhergesagt an zu Regnen, was die Koordination noch ein\u00a0bisschen mehr erschwerte. Jedoch sind die Farben beim Regen noch intensiver als bei Trockenheit. Da nach jedem Biegung neue sch\u00f6ne Fotosituationen\u00a0auf uns wartete,\u00a0ben\u00f6tigten wir recht lange f\u00fcr die kurze Strecke. An der Gastst\u00e4tte B\u00fctthof gab erst einmal ein St\u00e4rkung mit leckeren badischen\u00a0Essen. Danach folgen wir dem Bach noch einige hundert Meter. Dann ging es zur\u00fcck zum Wanderparkplatz. Von dort aus fuhren wir mit den Autos nach Heidelberg um dort die\u00a0&#8222;blaue&#8220; Stunde einzufangen. In einem Cafe gab es noch einige Tips mit der Benutzung von Lightroom zur Bildbearbeitung. Danach ging es zur\u00a0\u00bbAlten Br\u00fccke\u00ab. Gl\u00fccklicherweise ri\u00df der Himmel auf und sogar die Sonne lies sich noch blicken. Zufrieden mit vielen Bildern endete ein langer Fototag. Vielen Dank an Michael f\u00fcr einen wirklich gelungenen Workshop &#8211; gerne wieder!<\/p>\n","protected":false},"excerpt":{"rendered":"<p>FotoAm Freitag 21. April nach Feierabend f\u00fchren wir (Zwei Arbeitskollegen und ich) nach Geroldsau in den Nordschwarzwald. Wir hatten uns vor einiger Zeit entschieden bei Michael Breitung einen Fotoworkshop zum Thema Langzeitbelichtung an Gew\u00e4ssern und Wasserf\u00e4llen, Focus-Stacking, Komposition und Bildgestaltung &hellip; <a href=\"https:\/\/www.jens-oerter.de\/new_vis\/jo\/2016-04-fotoworkshop-mit-michael-breitung-im-nordschwarzwald\/\">Weiterlesen <span class=\"meta-nav\">&rarr;<\/span><\/a><\/p>\n","protected":false},"author":2,"featured_media":0,"comment_status":"open","ping_status":"open","sticky":false,"template":"","format":"standard","meta":{"ngg_post_thumbnail":0,"footnotes":""},"categories":[5,93],"tags":[35,103,104],"class_list":["post-6058","post","type-post","status-publish","format-standard","hentry","category-news-blog","category-top_cat","tag-fotografie","tag-fotoworkshop","tag-schwarzwald"],"aioseo_notices":[],"_links":{"self":[{"href":"https:\/\/www.jens-oerter.de\/new_vis\/jo\/wp-json\/wp\/v2\/posts\/6058","targetHints":{"allow":["GET"]}}],"collection":[{"href":"https:\/\/www.jens-oerter.de\/new_vis\/jo\/wp-json\/wp\/v2\/posts"}],"about":[{"href":"https:\/\/www.jens-oerter.de\/new_vis\/jo\/wp-json\/wp\/v2\/types\/post"}],"author":[{"embeddable":true,"href":"https:\/\/www.jens-oerter.de\/new_vis\/jo\/wp-json\/wp\/v2\/users\/2"}],"replies":[{"embeddable":true,"href":"https:\/\/www.jens-oerter.de\/new_vis\/jo\/wp-json\/wp\/v2\/comments?post=6058"}],"version-history":[{"count":0,"href":"https:\/\/www.jens-oerter.de\/new_vis\/jo\/wp-json\/wp\/v2\/posts\/6058\/revisions"}],"wp:attachment":[{"href":"https:\/\/www.jens-oerter.de\/new_vis\/jo\/wp-json\/wp\/v2\/media?parent=6058"}],"wp:term":[{"taxonomy":"category","embeddable":true,"href":"https:\/\/www.jens-oerter.de\/new_vis\/jo\/wp-json\/wp\/v2\/categories?post=6058"},{"taxonomy":"post_tag","embeddable":true,"href":"https:\/\/www.jens-oerter.de\/new_vis\/jo\/wp-json\/wp\/v2\/tags?post=6058"}],"curies":[{"name":"wp","href":"https:\/\/api.w.org\/{rel}","templated":true}]}}