{"id":685,"date":"2009-07-30T06:33:06","date_gmt":"2009-07-30T05:33:06","guid":{"rendered":"http:\/\/www.jens-oerter.de\/new_vis\/jo\/?p=685"},"modified":"2009-08-14T09:33:32","modified_gmt":"2009-08-14T08:33:32","slug":"news-2","status":"publish","type":"post","link":"https:\/\/www.jens-oerter.de\/new_vis\/jo\/news-2\/","title":{"rendered":"2009.07 Update Urlaub Hohe Tauern !"},"content":{"rendered":"<p>Aus organisatorischen Gr\u00fcnden wird es dieses Jahr nichts mit den Dolomiten.<\/p>\n<p>Aber wir haben schon einen Alternativ-Plan: \u00dcbernachtung auf der <a href=\"http:\/\/www.postalm-energie.at\/\" target=\"_blank\">Postalm<\/a>, dann den Gletscherlehrweg entlang und \u00fcber den neuen <a href=\"http:\/\/www.tauriska.net\/con\/pdf\/09\/gletscher.pdf\" target=\"_blank\">K\u00fcrsingersteig <\/a>auf die K\u00fcrsinger H\u00fctte. Von dort auf den Keeskogel (3291m) und \u00fcber den Klammlweg wieder hinab.\u00a0 (mit einer \u00dcbernachtung dazwischen)<\/p>\n<p><img loading=\"lazy\" decoding=\"async\" class=\"aligncenter size-full wp-image-687\" title=\"wandern\" src=\"http:\/\/www.jens-oerter.de\/new_vis\/jo\/wp-content\/uploads\/2009\/07\/wandern.gif\" alt=\"wandern\" width=\"81\" height=\"120\" \/><\/p>\n","protected":false},"excerpt":{"rendered":"<p>Aus organisatorischen Gr\u00fcnden wird es dieses Jahr nichts mit den Dolomiten. Aber wir haben schon einen Alternativ-Plan: \u00dcbernachtung auf der Postalm, dann den Gletscherlehrweg entlang und \u00fcber den neuen K\u00fcrsingersteig auf die K\u00fcrsinger H\u00fctte. Von dort auf den Keeskogel (3291m) &hellip; <a href=\"https:\/\/www.jens-oerter.de\/new_vis\/jo\/news-2\/\">Weiterlesen <span class=\"meta-nav\">&rarr;<\/span><\/a><\/p>\n","protected":false},"author":3,"featured_media":0,"comment_status":"open","ping_status":"open","sticky":false,"template":"","format":"standard","meta":{"ngg_post_thumbnail":0,"footnotes":""},"categories":[5],"tags":[],"class_list":["post-685","post","type-post","status-publish","format-standard","hentry","category-news-blog"],"aioseo_notices":[],"_links":{"self":[{"href":"https:\/\/www.jens-oerter.de\/new_vis\/jo\/wp-json\/wp\/v2\/posts\/685","targetHints":{"allow":["GET"]}}],"collection":[{"href":"https:\/\/www.jens-oerter.de\/new_vis\/jo\/wp-json\/wp\/v2\/posts"}],"about":[{"href":"https:\/\/www.jens-oerter.de\/new_vis\/jo\/wp-json\/wp\/v2\/types\/post"}],"author":[{"embeddable":true,"href":"https:\/\/www.jens-oerter.de\/new_vis\/jo\/wp-json\/wp\/v2\/users\/3"}],"replies":[{"embeddable":true,"href":"https:\/\/www.jens-oerter.de\/new_vis\/jo\/wp-json\/wp\/v2\/comments?post=685"}],"version-history":[{"count":0,"href":"https:\/\/www.jens-oerter.de\/new_vis\/jo\/wp-json\/wp\/v2\/posts\/685\/revisions"}],"wp:attachment":[{"href":"https:\/\/www.jens-oerter.de\/new_vis\/jo\/wp-json\/wp\/v2\/media?parent=685"}],"wp:term":[{"taxonomy":"category","embeddable":true,"href":"https:\/\/www.jens-oerter.de\/new_vis\/jo\/wp-json\/wp\/v2\/categories?post=685"},{"taxonomy":"post_tag","embeddable":true,"href":"https:\/\/www.jens-oerter.de\/new_vis\/jo\/wp-json\/wp\/v2\/tags?post=685"}],"curies":[{"name":"wp","href":"https:\/\/api.w.org\/{rel}","templated":true}]}}