{"id":698,"date":"2009-08-03T21:04:10","date_gmt":"2009-08-03T20:04:10","guid":{"rendered":"http:\/\/www.jens-oerter.de\/new_vis\/jo\/?p=698"},"modified":"2010-05-04T19:25:21","modified_gmt":"2010-05-04T18:25:21","slug":"2009-08-uberschreitung-piz-palu","status":"publish","type":"post","link":"https:\/\/www.jens-oerter.de\/new_vis\/jo\/2009-08-uberschreitung-piz-palu\/","title":{"rendered":"2009.08 \u00dcberschreitung Piz Pal\u00fc"},"content":{"rendered":"<p><strong>We&#8217;ve done it!<\/strong><\/p>\n<p>&#8230; am Montag den 27.07 st\u00e4rkten wir uns um 03:00 mit einem Fr\u00fchst\u00fcck auf der Diavolezza H\u00fctte. Gegen kurz nach halb vier ging&#8217;s dann los. S\u00fcd\u00f6stliche Richtung\u00a0 zum Saas Queder entlang der Ostflanke des Piz Trovat gelangen wir am Fuorcla Trovat auf den Pers Gletscher. Bei sch\u00f6nen Wetter und mit einem klasse Sonnenaufgang kamen wir recht z\u00fcgig vorran. Im ZickZack-Schritt gelangten wir durch die gro\u00dfen Eisbr\u00fcche des Piz Cambrenas auf die &#8222;Schulter&#8220;. Ein kurzer aber recht steiler Aufstieg zum Ostgipfel in 3882m folgte ( Eis ca. 40\u00ba ! ). Vom Ostgipfel aus erklommen wir \u00fcber einen schmalen \u00dcbergang den Hauptgipfel des Piz Pal\u00fc (3901m).*Berg heil*<\/p>\n<div id=\"attachment_716\" style=\"width: 610px\" class=\"wp-caption alignnone\"><img loading=\"lazy\" decoding=\"async\" aria-describedby=\"caption-attachment-716\" class=\"size-full wp-image-716\" title=\"palue_web_6\" src=\"http:\/\/www.jens-oerter.de\/new_vis\/jo\/wp-content\/uploads\/2009\/08\/palue_web_6.jpg\" alt=\"Sonnenuntergang auf der Diavolezza H\u00fctte\" width=\"600\" height=\"183\" srcset=\"https:\/\/www.jens-oerter.de\/new_vis\/jo\/wp-content\/uploads\/2009\/08\/palue_web_6.jpg 600w, https:\/\/www.jens-oerter.de\/new_vis\/jo\/wp-content\/uploads\/2009\/08\/palue_web_6-300x91.jpg 300w\" sizes=\"auto, (max-width: 600px) 100vw, 600px\" \/><p id=\"caption-attachment-716\" class=\"wp-caption-text\">Sonnenuntergang auf der Diavolezza H\u00fctte<\/p><\/div>\n<p>Weiter ging&#8217;s dann vom Hauptgipfel \u00fcber einen Firnhang hinunter und entlang eines sehr schmalen Grats zum Westgipfel (hier gibts oft starke Windb\u00f6en). Ein kurzer Felsaufschwung f\u00fchrte zum Westgipfel, den Piz Spinas &#8211; 3823m. Nun kletterten wir entlang eines nicht enden-wollenden Felsgrats (UIAA II) bis zum Fuorcla Bellavista. Man quert die Scharte bis zum Osteck der Bellavista, dann stiegen wir in nordwestlicher Richtung abw\u00e4rts zum Fortezzagrad. \u00dcber festes Blockwerk kletterten wir hinab &#8211; an 4 Stellen wird abgeseilt (UIAA II-III). Am Fuss des Fortezzagrats angekommen gingen wir in n\u00f6rdlicher Richtung zur Isla Persa. Danach weiter westlich durch Ger\u00f6llfelder zum Morteratschgletscher,\u00a0 \u00fcber den wir wieder zur Bovalh\u00fctte gelangten.<br \/>\nZwei frisch gezapfte <span>Calanda Br\u00e4u Lagerbiere wartete schon auf unsere durstigen Kehlen &#8211; *na dann PROST !*<br \/>\n<\/span><\/p>\n<p><strong>Fazit: Eine tolle Hochtour &#8211; macht Lust auf mehr ! <\/strong><br \/>\n(Michael St\u00f6tzel und Jens Oerter)<\/p>\nngg_shortcode_0_placeholder\n","protected":false},"excerpt":{"rendered":"<p>We&#8217;ve done it! &#8230; am Montag den 27.07 st\u00e4rkten wir uns um 03:00 mit einem Fr\u00fchst\u00fcck auf der Diavolezza H\u00fctte. Gegen kurz nach halb vier ging&#8217;s dann los. S\u00fcd\u00f6stliche Richtung\u00a0 zum Saas Queder entlang der Ostflanke des Piz Trovat gelangen &hellip; <a href=\"https:\/\/www.jens-oerter.de\/new_vis\/jo\/2009-08-uberschreitung-piz-palu\/\">Weiterlesen <span class=\"meta-nav\">&rarr;<\/span><\/a><\/p>\n","protected":false},"author":2,"featured_media":0,"comment_status":"open","ping_status":"open","sticky":false,"template":"","format":"standard","meta":{"ngg_post_thumbnail":0,"footnotes":""},"categories":[5],"tags":[24],"class_list":["post-698","post","type-post","status-publish","format-standard","hentry","category-news-blog","tag-hochtour"],"aioseo_notices":[],"_links":{"self":[{"href":"https:\/\/www.jens-oerter.de\/new_vis\/jo\/wp-json\/wp\/v2\/posts\/698","targetHints":{"allow":["GET"]}}],"collection":[{"href":"https:\/\/www.jens-oerter.de\/new_vis\/jo\/wp-json\/wp\/v2\/posts"}],"about":[{"href":"https:\/\/www.jens-oerter.de\/new_vis\/jo\/wp-json\/wp\/v2\/types\/post"}],"author":[{"embeddable":true,"href":"https:\/\/www.jens-oerter.de\/new_vis\/jo\/wp-json\/wp\/v2\/users\/2"}],"replies":[{"embeddable":true,"href":"https:\/\/www.jens-oerter.de\/new_vis\/jo\/wp-json\/wp\/v2\/comments?post=698"}],"version-history":[{"count":0,"href":"https:\/\/www.jens-oerter.de\/new_vis\/jo\/wp-json\/wp\/v2\/posts\/698\/revisions"}],"wp:attachment":[{"href":"https:\/\/www.jens-oerter.de\/new_vis\/jo\/wp-json\/wp\/v2\/media?parent=698"}],"wp:term":[{"taxonomy":"category","embeddable":true,"href":"https:\/\/www.jens-oerter.de\/new_vis\/jo\/wp-json\/wp\/v2\/categories?post=698"},{"taxonomy":"post_tag","embeddable":true,"href":"https:\/\/www.jens-oerter.de\/new_vis\/jo\/wp-json\/wp\/v2\/tags?post=698"}],"curies":[{"name":"wp","href":"https:\/\/api.w.org\/{rel}","templated":true}]}}