{"id":763,"date":"2009-10-14T14:04:32","date_gmt":"2009-10-14T13:04:32","guid":{"rendered":"http:\/\/www.jens-oerter.de\/new_vis\/jo\/?p=763"},"modified":"2013-07-07T17:33:23","modified_gmt":"2013-07-07T16:33:23","slug":"2009-10-via-ferrata-val-di-fassa-canazei-dolomiten","status":"publish","type":"post","link":"https:\/\/www.jens-oerter.de\/new_vis\/jo\/2009-10-via-ferrata-val-di-fassa-canazei-dolomiten\/","title":{"rendered":"2009.10 Via Ferrata &#8211; Val di Fassa &#8211; Canazei (Dolomiten)"},"content":{"rendered":"<p>&#8230; am 8.10.2009 war es soweit &#8211; kurzentschlossen fuhren wir (Michael St\u00f6tzel und ich) in die Dolomiten.<br \/>\nOhne eine feste Unterkunft entschieden wir schliesslich f\u00fcr den Ort Canazei im Val di Fassa, da es im Ort<br \/>\nWolkenstein wie der Name schon sagt viele Wolken hatte.<\/p>\n<p>Eine g\u00fcnstige und gute Unterkunft zu finden gestaltete sich etwas schwieriger, da die meisten Pensionen<br \/>\nund Hotels schon ab Ende September geschlossen hatten. Nach einer kleinen Ortserkundung hatten wir<br \/>\nuns f\u00fcr eines der zwei noch offenen Hotels entschlieden -:) . Danach gings auf direktem Weg zur\u00fcck zum<br \/>\nGr\u00f6dner Joch wo wir unseren Einstiegsklettersteig starteten. Der <span id=\"main\" style=\"visibility: visible;\"><span id=\"search\" style=\"visibility: visible;\"><em>Pisciadu<\/em><\/span><\/span> ein Mittel- bis Schwieriger<br \/>\nKlettersteig war ideal f\u00fcr uns, um sich an den sehr griffigen Fels zu gew\u00f6hnen. Der Klettersteig ist mit<br \/>\nEisenklammern, Drahtseilen und einer kurzen Leiter bestens gesichert und auch landschaftlich sehr<br \/>\nreizvoll; tolle Tiefblicke auf Corvara und zur Gr\u00f6dnerjoch-Stra\u00dfe.\u00a0 <em><em>Schwierigkeitsgrad K3 . (620hm)<\/em><\/em><br \/>\nLeider war die sehr sch\u00f6n gelegene Pisciadu &#8211; H\u00fctte auf 2585m schon im Winterschlaf<\/p>\n<div id=\"attachment_764\" style=\"width: 660px\" class=\"wp-caption aligncenter\"><img loading=\"lazy\" decoding=\"async\" aria-describedby=\"caption-attachment-764\" class=\"size-full wp-image-764\" title=\"panorama_dolomiten\" alt=\"Marmolada (3342m)\" src=\"http:\/\/www.jens-oerter.de\/new_vis\/jo\/wp-content\/uploads\/2009\/10\/panorama_dolomiten.jpg\" width=\"650\" height=\"147\" srcset=\"https:\/\/www.jens-oerter.de\/new_vis\/jo\/wp-content\/uploads\/2009\/10\/panorama_dolomiten.jpg 650w, https:\/\/www.jens-oerter.de\/new_vis\/jo\/wp-content\/uploads\/2009\/10\/panorama_dolomiten-300x67.jpg 300w\" sizes=\"auto, (max-width: 650px) 100vw, 650px\" \/><p id=\"caption-attachment-764\" class=\"wp-caption-text\">Marmolada (3342m)<\/p><\/div>\n<p>Am n\u00e4chsten Tag gings fr\u00fch los um neue Herrausforderungen zu meistern. Von Canazei zur\u00fcck nach<br \/>\nWolkenstein ins Langenbachtal. Unser heutiges Ziel &#8222;Sandro Pertini&#8220; Schwierigkeitsklasse K4 &#8211; Schl\u00fcsselstelle K5.<br \/>\nEine sehr ausgesetzte, steile und kraftraubende Tour. Mit Eisenb\u00fcgel, Leitern, Br\u00fccken und neuen dicken Drahtseilen<br \/>\nsehr gut gesichert. Dauer 4-4,5Std ca. 450hm. Als Belohnung bekamen wir auf der Stevia H\u00fctte (2340m) noch<br \/>\neinen leckeren Kaiserschmarn gemacht.<\/p>\nngg_shortcode_0_placeholder\n<p>Am Samstag ging es dann zum Langkofelmassiv.\u00a0 Parkplatz Sella Joch &#8211; 650hm Anstieg zur &#8222;Toni Demetz H\u00fctte&#8220;,<br \/>\nentlang des Langkofelkars zur Langkofelh\u00fctte. Leider war der Nebel so dicht und feucht das wir den geplanten<br \/>\n&#8222;Oskar Schuster Steig&#8220; nicht gehen konnten. Dieser f\u00fchrt \u00fcber den Plattkofel 2986m hinunter zur Plattkofelh\u00fctte.<br \/>\nAlternativ sind wir dann komplett um das Langkofelmassiv zur\u00fcck zum Sella Joch gewandert.<\/p>\n<p>Als Res\u00fcmee dieser Tour : Hat uns richtig Spass gemacht ! Jedoch sollte man bedenken, dass fast alle H\u00fctten,<br \/>\nPensionen, Hotels sowie auch die Liftanlagen ab Ende September geschlossen haben. Gerade bei den langen<br \/>\nEinstiegen zu den Klettersteigen ist dann so mancher nicht mehr m\u00f6glich. Aber wir kommen ja wieder und<br \/>\ndann ist der &#8222;P\u00f6\u00dfnecker Steig &#8211; K5&#8220; am Sella Massiv\u00a0UNSER\u00a0 ! &#8230;<\/p>\n","protected":false},"excerpt":{"rendered":"<p>&#8230; am 8.10.2009 war es soweit &#8211; kurzentschlossen fuhren wir (Michael St\u00f6tzel und ich) in die Dolomiten. Ohne eine feste Unterkunft entschieden wir schliesslich f\u00fcr den Ort Canazei im Val di Fassa, da es im Ort Wolkenstein wie der Name &hellip; <a href=\"https:\/\/www.jens-oerter.de\/new_vis\/jo\/2009-10-via-ferrata-val-di-fassa-canazei-dolomiten\/\">Weiterlesen <span class=\"meta-nav\">&rarr;<\/span><\/a><\/p>\n","protected":false},"author":2,"featured_media":0,"comment_status":"open","ping_status":"open","sticky":false,"template":"","format":"standard","meta":{"ngg_post_thumbnail":0,"footnotes":""},"categories":[5],"tags":[27,56],"class_list":["post-763","post","type-post","status-publish","format-standard","hentry","category-news-blog","tag-klettersteige","tag-wandern-alpen"],"aioseo_notices":[],"_links":{"self":[{"href":"https:\/\/www.jens-oerter.de\/new_vis\/jo\/wp-json\/wp\/v2\/posts\/763","targetHints":{"allow":["GET"]}}],"collection":[{"href":"https:\/\/www.jens-oerter.de\/new_vis\/jo\/wp-json\/wp\/v2\/posts"}],"about":[{"href":"https:\/\/www.jens-oerter.de\/new_vis\/jo\/wp-json\/wp\/v2\/types\/post"}],"author":[{"embeddable":true,"href":"https:\/\/www.jens-oerter.de\/new_vis\/jo\/wp-json\/wp\/v2\/users\/2"}],"replies":[{"embeddable":true,"href":"https:\/\/www.jens-oerter.de\/new_vis\/jo\/wp-json\/wp\/v2\/comments?post=763"}],"version-history":[{"count":0,"href":"https:\/\/www.jens-oerter.de\/new_vis\/jo\/wp-json\/wp\/v2\/posts\/763\/revisions"}],"wp:attachment":[{"href":"https:\/\/www.jens-oerter.de\/new_vis\/jo\/wp-json\/wp\/v2\/media?parent=763"}],"wp:term":[{"taxonomy":"category","embeddable":true,"href":"https:\/\/www.jens-oerter.de\/new_vis\/jo\/wp-json\/wp\/v2\/categories?post=763"},{"taxonomy":"post_tag","embeddable":true,"href":"https:\/\/www.jens-oerter.de\/new_vis\/jo\/wp-json\/wp\/v2\/tags?post=763"}],"curies":[{"name":"wp","href":"https:\/\/api.w.org\/{rel}","templated":true}]}}