{"id":7675,"date":"2017-02-03T21:10:43","date_gmt":"2017-02-03T20:10:43","guid":{"rendered":"https:\/\/www.jens-oerter.de\/new_vis\/jo\/?p=7675"},"modified":"2017-02-03T21:10:43","modified_gmt":"2017-02-03T20:10:43","slug":"2017-01-silvester-auf-ruegen","status":"publish","type":"post","link":"https:\/\/www.jens-oerter.de\/new_vis\/jo\/2017-01-silvester-auf-ruegen\/","title":{"rendered":"2017.01 &#8211; Silvester auf R\u00fcgen"},"content":{"rendered":"<p>&#8230; mal was ganz anderes Silvester an der Ostsee auf der Insel R\u00fcgen. F\u00fcr einige Tage verschl\u00e4gt es uns in den letzten Tagen 2016 nach Wiek auf R\u00fcgen. Nach einer stressfreien Anfahrt \u00b4besuchen wir das Nordwestufer die sogenannte Wittow und Kreptitzer Heide. Danach erkunden wir wir noch die umliegenden Orte Nahe Wiek. Am n\u00e4chsten Tag fahren wir nach Sassnitz in den Nationalpark Jasmund. \u00dcber den Hochuferweg geht es Richtung K\u00f6nigstuhl. Der Weg f\u00fchrt oberhalb der Kreidefelsen entlang. Tolle alte Buchenw\u00e4lder die auch im Winter golden strahlen. Ab und an gelangt man \u00fcber Stege und Leitern auf den Strand. Blauer Himmel und Sonnenschein l\u00e4sst die Ostsee leuchten. Den Aussichtspunkt K\u00f6nigsstuhl besuchen wir nicht &#8211; meiner Meinung ziemlich touristisch. Leider hatten wir am n\u00e4chsten Tag tief h\u00e4ngende Wolken und Nebel. Trotzdem schauen wir noch einmal am Nordwestufer vorbei &#8211; danach laufen wir zum Kap Arkona. Bei Sassnitz lassen wir den Tag noch mal am Strand ausklingen.<br \/>\nR\u00fcgen ist auch im Winter klassen und mit so einer sch\u00f6nen Ferienwohnung&nbsp;<a class=\"widget-pane-link\" href=\"http:\/\/www.strandgut-wiek.de\/\" target=\"_blank\" data-attribution-url=\"http:\/\/www.strandgut-wiek.de\/\" data-redirect=\"1,AFQjCNEkvbguzb9Pbb8mFWxvwiyWsX4qXA,,0ahUKEwjZoPni2_TRAhUG1RQKHTZkC7MQ61gICSgFMAA,,\">strandgut-wiek.de<\/a>&nbsp;l\u00e4sst sich es auch bei tr\u00fcben Aussichten aushalten. Wir werden wiederkommen &#8211; keine Frage!<\/p>\nngg_shortcode_0_placeholder\n","protected":false},"excerpt":{"rendered":"<p>&#8230; mal was ganz anderes Silvester an der Ostsee auf der Insel R\u00fcgen. F\u00fcr einige Tage verschl\u00e4gt es uns in den letzten Tagen 2016 nach Wiek auf R\u00fcgen. Nach einer stressfreien Anfahrt \u00b4besuchen wir das Nordwestufer die sogenannte Wittow und &hellip; <a href=\"https:\/\/www.jens-oerter.de\/new_vis\/jo\/2017-01-silvester-auf-ruegen\/\">Weiterlesen <span class=\"meta-nav\">&rarr;<\/span><\/a><\/p>\n","protected":false},"author":2,"featured_media":0,"comment_status":"open","ping_status":"open","sticky":false,"template":"","format":"standard","meta":{"ngg_post_thumbnail":0,"footnotes":""},"categories":[93],"tags":[111,29],"class_list":["post-7675","post","type-post","status-publish","format-standard","hentry","category-top_cat","tag-ostsee","tag-urlaub"],"aioseo_notices":[],"_links":{"self":[{"href":"https:\/\/www.jens-oerter.de\/new_vis\/jo\/wp-json\/wp\/v2\/posts\/7675","targetHints":{"allow":["GET"]}}],"collection":[{"href":"https:\/\/www.jens-oerter.de\/new_vis\/jo\/wp-json\/wp\/v2\/posts"}],"about":[{"href":"https:\/\/www.jens-oerter.de\/new_vis\/jo\/wp-json\/wp\/v2\/types\/post"}],"author":[{"embeddable":true,"href":"https:\/\/www.jens-oerter.de\/new_vis\/jo\/wp-json\/wp\/v2\/users\/2"}],"replies":[{"embeddable":true,"href":"https:\/\/www.jens-oerter.de\/new_vis\/jo\/wp-json\/wp\/v2\/comments?post=7675"}],"version-history":[{"count":0,"href":"https:\/\/www.jens-oerter.de\/new_vis\/jo\/wp-json\/wp\/v2\/posts\/7675\/revisions"}],"wp:attachment":[{"href":"https:\/\/www.jens-oerter.de\/new_vis\/jo\/wp-json\/wp\/v2\/media?parent=7675"}],"wp:term":[{"taxonomy":"category","embeddable":true,"href":"https:\/\/www.jens-oerter.de\/new_vis\/jo\/wp-json\/wp\/v2\/categories?post=7675"},{"taxonomy":"post_tag","embeddable":true,"href":"https:\/\/www.jens-oerter.de\/new_vis\/jo\/wp-json\/wp\/v2\/tags?post=7675"}],"curies":[{"name":"wp","href":"https:\/\/api.w.org\/{rel}","templated":true}]}}