{"id":775,"date":"2009-10-30T17:00:27","date_gmt":"2009-10-30T16:00:27","guid":{"rendered":"http:\/\/www.jens-oerter.de\/new_vis\/jo\/?p=775"},"modified":"2009-11-02T13:07:38","modified_gmt":"2009-11-02T12:07:38","slug":"11-2009-herbert-raffalt-diavortrag","status":"publish","type":"post","link":"https:\/\/www.jens-oerter.de\/new_vis\/jo\/11-2009-herbert-raffalt-diavortrag\/","title":{"rendered":"Herbert Raffalt (Diavortrag)"},"content":{"rendered":"<p>15. November 2009, 17.00 Uhr, im Gro\u00dfen Saal der Bismarckhalle<\/p>\n<p><img loading=\"lazy\" decoding=\"async\" title=\"Dachstein\" src=\"http:\/\/www.siegen.de\/cms\/pfadphotouploads\/498photouploads\/Diavortrag.jpg\" border=\"1\" alt=\"Dachstein\" title=\"Dachstein\" width=\"180\" height=\"120\" \/><strong><br \/>\nReferent:<\/strong> Bergf\u00fchrer und <strong>Fotograf Herbert Raffalt<\/strong><br \/>\nHerbert Raffalts nachhaltig beeindruckende Bilder unterstreichen die Natursch\u00f6nheiten der Dachstein-Tauern-Region. Mit viel Gef\u00fchl f\u00fcr das richtige Licht und mit Liebe zum Detail h\u00e4lt der passionierte Leica-Fotograf den Zauber des Augenblicks fest.<\/p>\n<p><strong>Veranstalter:<\/strong> Foto\u00a0und Minilabsysteme R.\u00a0Saal GmbH<\/p>\n","protected":false},"excerpt":{"rendered":"<p>15. November 2009, 17.00 Uhr, im Gro\u00dfen Saal der Bismarckhalle Referent: Bergf\u00fchrer und Fotograf Herbert Raffalt Herbert Raffalts nachhaltig beeindruckende Bilder unterstreichen die Natursch\u00f6nheiten der Dachstein-Tauern-Region. Mit viel Gef\u00fchl f\u00fcr das richtige Licht und mit Liebe zum Detail h\u00e4lt der &hellip; <a href=\"https:\/\/www.jens-oerter.de\/new_vis\/jo\/11-2009-herbert-raffalt-diavortrag\/\">Weiterlesen <span class=\"meta-nav\">&rarr;<\/span><\/a><\/p>\n","protected":false},"author":2,"featured_media":0,"comment_status":"closed","ping_status":"open","sticky":false,"template":"","format":"standard","meta":{"ngg_post_thumbnail":0,"footnotes":""},"categories":[20],"tags":[],"class_list":["post-775","post","type-post","status-publish","format-standard","hentry","category-event-kalender"],"aioseo_notices":[],"_links":{"self":[{"href":"https:\/\/www.jens-oerter.de\/new_vis\/jo\/wp-json\/wp\/v2\/posts\/775","targetHints":{"allow":["GET"]}}],"collection":[{"href":"https:\/\/www.jens-oerter.de\/new_vis\/jo\/wp-json\/wp\/v2\/posts"}],"about":[{"href":"https:\/\/www.jens-oerter.de\/new_vis\/jo\/wp-json\/wp\/v2\/types\/post"}],"author":[{"embeddable":true,"href":"https:\/\/www.jens-oerter.de\/new_vis\/jo\/wp-json\/wp\/v2\/users\/2"}],"replies":[{"embeddable":true,"href":"https:\/\/www.jens-oerter.de\/new_vis\/jo\/wp-json\/wp\/v2\/comments?post=775"}],"version-history":[{"count":0,"href":"https:\/\/www.jens-oerter.de\/new_vis\/jo\/wp-json\/wp\/v2\/posts\/775\/revisions"}],"wp:attachment":[{"href":"https:\/\/www.jens-oerter.de\/new_vis\/jo\/wp-json\/wp\/v2\/media?parent=775"}],"wp:term":[{"taxonomy":"category","embeddable":true,"href":"https:\/\/www.jens-oerter.de\/new_vis\/jo\/wp-json\/wp\/v2\/categories?post=775"},{"taxonomy":"post_tag","embeddable":true,"href":"https:\/\/www.jens-oerter.de\/new_vis\/jo\/wp-json\/wp\/v2\/tags?post=775"}],"curies":[{"name":"wp","href":"https:\/\/api.w.org\/{rel}","templated":true}]}}